{"id":6014,"date":"2025-08-27T16:46:42","date_gmt":"2025-08-27T14:46:42","guid":{"rendered":"https:\/\/marcapar.com\/?p=6014"},"modified":"2025-09-04T10:13:04","modified_gmt":"2025-09-04T08:13:04","slug":"come-si-riparano-i-capelli-dopo-lestate","status":"publish","type":"post","link":"https:\/\/marcapar.com\/it\/conseils-dexperts\/come-si-riparano-i-capelli-dopo-lestate\/","title":{"rendered":"Come si riparano i capelli dopo l&#8217;estate?"},"content":{"rendered":"\n<p>Il ritorno dalle vacanze \u00e8 spesso segnato dalla consapevolezza che mentre la nostra pelle pu\u00f2 aver assunto dei bei colori, i nostri capelli hanno sofferto. Il sole, il cloro, la salsedine e il vento lasciano i capelli spenti, secchi e fragili.   <br\/>Non farti prendere dal panico!<br\/>Con alcuni semplici accorgimenti naturali, \u00e8 possibile ritrovare forza, lucentezza e morbidezza.<\/p>\n\n<h2 class=\"wp-block-heading\">Segui i 6 consigli dei nostri esperti per iniziare al meglio il periodo autunnale<\/h2>\n\n<h3 class=\"wp-block-heading\">1. Taglia le punte danneggiate<\/h3>\n\n<div class=\"wp-block-media-text is-stacked-on-mobile\" style=\"grid-template-columns:33% auto\"><figure class=\"wp-block-media-text__media\"><img loading=\"lazy\" decoding=\"async\" width=\"1856\" height=\"1856\" src=\"https:\/\/marcapar.com\/wp-content\/uploads\/2025\/08\/AdobeStock_403117806-edited-1.jpeg\" alt=\"Taglia le punte dei capelli\" class=\"wp-image-6004 size-full\" srcset=\"https:\/\/marcapar.com\/wp-content\/uploads\/2025\/08\/AdobeStock_403117806-edited-1.jpeg 1856w, https:\/\/marcapar.com\/wp-content\/uploads\/2025\/08\/AdobeStock_403117806-edited-1-300x300.jpeg 300w, https:\/\/marcapar.com\/wp-content\/uploads\/2025\/08\/AdobeStock_403117806-edited-1-1024x1024.jpeg 1024w, https:\/\/marcapar.com\/wp-content\/uploads\/2025\/08\/AdobeStock_403117806-edited-1-150x150.jpeg 150w, https:\/\/marcapar.com\/wp-content\/uploads\/2025\/08\/AdobeStock_403117806-edited-1-768x768.jpeg 768w, https:\/\/marcapar.com\/wp-content\/uploads\/2025\/08\/AdobeStock_403117806-edited-1-1536x1536.jpeg 1536w\" sizes=\"auto, (max-width: 1856px) 100vw, 1856px\" \/><\/figure><div class=\"wp-block-media-text__content\">\n<p>Durante l&#8217;estate, le punte dei capelli diventano secche e ruvide e possono rompersi o spezzarsi. Tagliandole, puoi evitare che le doppie punte risalgano la lunghezza dei tuoi capelli e li indeboliscano nel loro complesso. Tagliando pochi centimetri di capelli puoi eliminare le aree danneggiate e ripristinare immediatamente densit\u00e0 e lucentezza.  <\/p>\n\n\n\n<p>Contrariamente a quanto si crede, tagliare i capelli non li fa crescere pi\u00f9 velocemente, n\u00e9 li rallenta! In compenso, aiuta a mantenere i capelli sani, lasciandoli morbidi, lucidi e leggeri, pronti ad affrontare il nuovo anno con stile. <\/p>\n\n\n\n<p>Capelli riparati in pochi colpi di forbice!<\/p>\n<\/div><\/div>\n\n<p><\/p>\n\n<p><\/p>\n\n<p><\/p>\n\n<h3 class=\"wp-block-heading\">2. Un ciclo di trattamenti nutrienti per la pelle<\/h3>\n\n<div class=\"wp-block-media-text has-media-on-the-right is-stacked-on-mobile is-vertically-aligned-top\" style=\"grid-template-columns:auto 33%\"><div class=\"wp-block-media-text__content\">\n<p>Dopo l&#8217;estate, \u00e8 anche il momento ideale per dare ai tuoi capelli un vero e proprio trattamento nutriente. Applicando regolarmente maschere ricche di oli vegetali o burri riparatori, la fibra capillare viene nutrita in profondit\u00e0, i capelli tornano elastici e morbidi e la rottura si riduce. <\/p>\n\n\n\n<p>Questo rituale rafforza e reidrata i capelli per prepararli alle stagioni pi\u00f9 fredde, che spesso sono sinonimo di riscaldamento, aria secca e disidratazione.  <\/p>\n\n\n\n<p>In poche settimane di cure mirate, i capelli diventano lucidi, forti e pieni di vitalit\u00e0.<\/p>\n\n\n\n<p><\/p>\n\n\n\n<p><em>Il nostro consiglio:<\/em><br\/>La<a href=\"https:\/\/marcapar.com\/fr\/produit\/masque-nutrition\/\"> Maschera Nutrizionale<\/a>, con oli vegetali e burro di karit\u00e9, nutre intensamente e rigenera naturalmente la fibra capillare.<\/p>\n<\/div><figure class=\"wp-block-media-text__media\"><img loading=\"lazy\" decoding=\"async\" width=\"1024\" height=\"1024\" src=\"https:\/\/marcapar.com\/wp-content\/uploads\/2025\/08\/0X4A9406-1024x1024.jpg\" alt=\"Maschera per la cura dei capelli  \" class=\"wp-image-5926 size-full\" srcset=\"https:\/\/marcapar.com\/wp-content\/uploads\/2025\/08\/0X4A9406-1024x1024.jpg 1024w, https:\/\/marcapar.com\/wp-content\/uploads\/2025\/08\/0X4A9406-300x300.jpg 300w, https:\/\/marcapar.com\/wp-content\/uploads\/2025\/08\/0X4A9406-150x150.jpg 150w, https:\/\/marcapar.com\/wp-content\/uploads\/2025\/08\/0X4A9406-768x768.jpg 768w, https:\/\/marcapar.com\/wp-content\/uploads\/2025\/08\/0X4A9406-1536x1536.jpg 1536w, https:\/\/marcapar.com\/wp-content\/uploads\/2025\/08\/0X4A9406-2048x2048.jpg 2048w\" sizes=\"auto, (max-width: 1024px) 100vw, 1024px\" \/><\/figure><\/div>\n\n<h3 class=\"wp-block-heading\">3. Scegliere il giusto shampoo delicato<\/h3>\n\n<div class=\"wp-block-media-text is-stacked-on-mobile\" style=\"grid-template-columns:33% auto\"><figure class=\"wp-block-media-text__media\"><img loading=\"lazy\" decoding=\"async\" width=\"540\" height=\"540\" src=\"https:\/\/marcapar.com\/wp-content\/uploads\/2025\/08\/Photo-application-V2_00086406-edited-1.jpg\" alt=\"Lava i capelli con un buon shampoo\" class=\"wp-image-5938 size-full\" srcset=\"https:\/\/marcapar.com\/wp-content\/uploads\/2025\/08\/Photo-application-V2_00086406-edited-1.jpg 540w, https:\/\/marcapar.com\/wp-content\/uploads\/2025\/08\/Photo-application-V2_00086406-edited-1-300x300.jpg 300w, https:\/\/marcapar.com\/wp-content\/uploads\/2025\/08\/Photo-application-V2_00086406-edited-1-150x150.jpg 150w\" sizes=\"auto, (max-width: 540px) 100vw, 540px\" \/><\/figure><div class=\"wp-block-media-text__content\">\n<p>Un buon shampoo \u00e8 alla base della salute dei capelli, soprattutto dopo l&#8217;estate quando i capelli sono secchi e indeboliti. Optando per uno shampoo delicato e adatto al tuo tipo di capelli, li deterge senza danneggiarli e rispettando il cuoio capelluto.   <\/p>\n\n\n\n<p>Le formule troppo aggressive aumentano la secchezza e la rottura, mentre un detergente ben bilanciato aiuta a preservare l&#8217;idratazione naturale e prepara i capelli a ricevere maschere e trattamenti.  <\/p>\n\n\n\n<p>Che i tuoi capelli siano colorati, secchi, ricci o fini, scegliere lo shampoo giusto \u00e8 il primo passo di una routine davvero riparatrice e protettiva.<\/p>\n\n\n\n<p><em>I nostri consigli sui prodotti:<\/em><\/p>\n\n\n\n<p>Ricco di vitamine e oligoelementi, lo <a href=\"https:\/\/marcapar.com\/fr\/produit\/shampooing-douceur\/\">Shampoo Delicato<\/a> condiziona delicatamente i capelli ed \u00e8 ideale per il cuoio capelluto secco e i capelli disidratati.<\/p>\n<\/div><\/div>\n\n<p><\/p>\n\n<h3 class=\"wp-block-heading\">4. Distanziare i lavaggi<\/h3>\n\n<div class=\"wp-block-media-text has-media-on-the-right is-stacked-on-mobile is-vertically-aligned-top\" style=\"grid-template-columns:auto 33%\"><div class=\"wp-block-media-text__content\">\n<p>Lavare i capelli troppo spesso pu\u00f2 indebolire il cuoio capelluto e seccare le lunghezze, soprattutto dopo l&#8217;estate quando la fibra \u00e8 gi\u00e0 stata messa a dura prova. Distanziare i lavaggi aiuta a preservare il sebo naturale, la barriera protettiva che nutre e protegge i capelli.   <\/p>\n\n\n\n<p>Riducendo gradualmente la frequenza, ad esempio adottando uno <a href=\"https:\/\/marcapar.com\/it\/prodotto\/shampooing-sec\">shampoo a secco<\/a> tra due lavaggi, i capelli ritrovano un migliore equilibrio, si decolorano meno rapidamente e acquistano volume.<\/p>\n\n\n\n<p>Il risultato: capelli pi\u00f9 sani e forti, pi\u00f9 facili da mantenere ogni giorno.<\/p>\n\n\n\n<p><br\/><\/p>\n<\/div><figure class=\"wp-block-media-text__media\"><img loading=\"lazy\" decoding=\"async\" width=\"2560\" height=\"2560\" src=\"https:\/\/marcapar.com\/wp-content\/uploads\/2025\/08\/AdobeStock_231112169-edited-scaled.jpeg\" alt=\"indebolire il cuoio capelluto\" class=\"wp-image-5946 size-full\" srcset=\"https:\/\/marcapar.com\/wp-content\/uploads\/2025\/08\/AdobeStock_231112169-edited-scaled.jpeg 2560w, https:\/\/marcapar.com\/wp-content\/uploads\/2025\/08\/AdobeStock_231112169-edited-300x300.jpeg 300w, https:\/\/marcapar.com\/wp-content\/uploads\/2025\/08\/AdobeStock_231112169-edited-1024x1024.jpeg 1024w, https:\/\/marcapar.com\/wp-content\/uploads\/2025\/08\/AdobeStock_231112169-edited-150x150.jpeg 150w, https:\/\/marcapar.com\/wp-content\/uploads\/2025\/08\/AdobeStock_231112169-edited-768x768.jpeg 768w, https:\/\/marcapar.com\/wp-content\/uploads\/2025\/08\/AdobeStock_231112169-edited-1536x1536.jpeg 1536w, https:\/\/marcapar.com\/wp-content\/uploads\/2025\/08\/AdobeStock_231112169-edited-2048x2048.jpeg 2048w\" sizes=\"auto, (max-width: 2560px) 100vw, 2560px\" \/><\/figure><\/div>\n\n<p><\/p>\n\n<h3 class=\"wp-block-heading\">5. Evita il calore eccessivo<\/h3>\n\n<div class=\"wp-block-media-text is-stacked-on-mobile is-vertically-aligned-top\" style=\"grid-template-columns:33% auto\"><figure class=\"wp-block-media-text__media\"><img loading=\"lazy\" decoding=\"async\" width=\"2176\" height=\"2176\" src=\"https:\/\/marcapar.com\/wp-content\/uploads\/2025\/08\/AdobeStock_1334897471-edited.jpeg\" alt=\"Evita il calore eccessivo\" class=\"wp-image-5954 size-full\" srcset=\"https:\/\/marcapar.com\/wp-content\/uploads\/2025\/08\/AdobeStock_1334897471-edited.jpeg 2176w, https:\/\/marcapar.com\/wp-content\/uploads\/2025\/08\/AdobeStock_1334897471-edited-300x300.jpeg 300w, https:\/\/marcapar.com\/wp-content\/uploads\/2025\/08\/AdobeStock_1334897471-edited-1024x1024.jpeg 1024w, https:\/\/marcapar.com\/wp-content\/uploads\/2025\/08\/AdobeStock_1334897471-edited-150x150.jpeg 150w, https:\/\/marcapar.com\/wp-content\/uploads\/2025\/08\/AdobeStock_1334897471-edited-768x768.jpeg 768w, https:\/\/marcapar.com\/wp-content\/uploads\/2025\/08\/AdobeStock_1334897471-edited-1536x1536.jpeg 1536w, https:\/\/marcapar.com\/wp-content\/uploads\/2025\/08\/AdobeStock_1334897471-edited-2048x2048.jpeg 2048w\" sizes=\"auto, (max-width: 2176px) 100vw, 2176px\" \/><\/figure><div class=\"wp-block-media-text__content\">\n<p><\/p>\n\n\n\n<p><\/p>\n\n\n\n<p>Dopo l&#8217;estate, i capelli sono gi\u00e0 stati esposti al sole e alla salsedine, quindi \u00e8 fondamentale evitare il calore eccessivo di apparecchi per lo styling come asciugacapelli, piastre e bigodini.  <\/p>\n\n\n\n<p>Questi strumenti rendono la fibra capillare ancora pi\u00f9 fragile, lasciandola secca, opaca e fragile. L&#8217;asciugatura all&#8217;aria o con calore a bassa temperatura aiuta a preservare la lucentezza e la morbidezza dei capelli. <\/p>\n\n\n\n<p>Offrire ai tuoi capelli questa pausa senza calore d\u00e0 loro il tempo di rigenerarsi e di prolungare la loro vitalit\u00e0 durante le stagioni.  <\/p>\n<\/div><\/div>\n\n<p><\/p>\n\n<h3 class=\"wp-block-heading\">6. Risciacqua con acqua tiepida o fredda.<\/h3>\n\n<div class=\"wp-block-media-text has-media-on-the-right is-stacked-on-mobile is-vertically-aligned-top\" style=\"grid-template-columns:auto 33%\"><div class=\"wp-block-media-text__content\">\n<p>Risciacquare i capelli con acqua calda o fredda dopo lo shampoo e il condizionamento \u00e8 un modo semplice ma efficace per mantenerli in salute. L&#8217;acqua calda tende ad aprire le cuticole e a seccare la fibra capillare, mentre un risciacquo tiepido o freddo le chiude, aggiungendo lucentezza e morbidezza. <\/p>\n\n\n\n<p>Questo piccolo riflesso prolunga l&#8217;effetto dei trattamenti nutrienti, rende i capelli pi\u00f9 facili da acconciare e limita la comparsa dell&#8217;effetto crespo, donando una finitura setosa e luminosa ogni giorno.<\/p>\n<\/div><figure class=\"wp-block-media-text__media\"><img loading=\"lazy\" decoding=\"async\" width=\"2558\" height=\"2560\" src=\"https:\/\/marcapar.com\/wp-content\/uploads\/2025\/08\/AdobeStock_568050830-edited-scaled.jpeg\" alt=\"Risciacqua con acqua tiepida o fredda\" class=\"wp-image-5963 size-full\" srcset=\"https:\/\/marcapar.com\/wp-content\/uploads\/2025\/08\/AdobeStock_568050830-edited-scaled.jpeg 2558w, https:\/\/marcapar.com\/wp-content\/uploads\/2025\/08\/AdobeStock_568050830-edited-300x300.jpeg 300w, https:\/\/marcapar.com\/wp-content\/uploads\/2025\/08\/AdobeStock_568050830-edited-1024x1024.jpeg 1024w, https:\/\/marcapar.com\/wp-content\/uploads\/2025\/08\/AdobeStock_568050830-edited-150x150.jpeg 150w, https:\/\/marcapar.com\/wp-content\/uploads\/2025\/08\/AdobeStock_568050830-edited-768x768.jpeg 768w, https:\/\/marcapar.com\/wp-content\/uploads\/2025\/08\/AdobeStock_568050830-edited-1536x1536.jpeg 1536w\" sizes=\"auto, (max-width: 2558px) 100vw, 2558px\" \/><\/figure><\/div>\n\n<p><\/p>\n\n<div class=\"wp-block-buttons is-content-justification-center is-layout-flex wp-container-core-buttons-is-layout-a89b3969 wp-block-buttons-is-layout-flex\">\n<div class=\"wp-block-button\"><a class=\"wp-block-button__link has-white-color has-black-background-color has-text-color has-background has-link-color wp-element-button\" href=\"https:\/\/marcapar.com\/it\/dove-siamo\/\" style=\"border-radius:0px\" target=\"_blank\" rel=\"noreferrer noopener\">Scopri i nostri prodotti alle fiere dei partner MARCAPAR!  <\/a><\/div>\n<\/div>\n","protected":false},"excerpt":{"rendered":"<p>Dopo l&#8217;estate, i capelli sono spesso secchi, spenti e indeboliti da sole, sale e cloro. Ecco i consigli dei nostri esperti su come riparare i capelli e restituire loro forza e lucentezza!   <\/p>\n","protected":false},"author":3,"featured_media":6006,"comment_status":"open","ping_status":"open","sticky":false,"template":"","format":"standard","meta":{"_acf_changed":false,"footnotes":""},"categories":[32,2],"tags":[],"class_list":["post-6014","post","type-post","status-publish","format-standard","has-post-thumbnail","hentry","category-bellezza-e-salute","category-non-categorizzato"],"acf":[],"yoast_head":"<!-- This site is optimized with the Yoast SEO plugin v27.4 - https:\/\/yoast.com\/product\/yoast-seo-wordpress\/ -->\n<title>Come si riparano i capelli dopo l&#039;estate? - MARCAPAR<\/title>\n<meta name=\"robots\" content=\"index, follow, max-snippet:-1, max-image-preview:large, max-video-preview:-1\" \/>\n<link rel=\"canonical\" href=\"https:\/\/marcapar.com\/it\/conseils-dexperts\/come-si-riparano-i-capelli-dopo-lestate\/\" \/>\n<meta property=\"og:locale\" content=\"it_IT\" \/>\n<meta property=\"og:type\" content=\"article\" \/>\n<meta property=\"og:title\" content=\"Come si riparano i capelli dopo l&#039;estate? - MARCAPAR\" \/>\n<meta property=\"og:description\" content=\"Dopo l&#039;estate, i capelli sono spesso secchi, spenti e indeboliti da sole, sale e cloro. Ecco i consigli dei nostri esperti su come riparare i capelli e restituire loro forza e lucentezza!\" \/>\n<meta property=\"og:url\" content=\"https:\/\/marcapar.com\/it\/conseils-dexperts\/come-si-riparano-i-capelli-dopo-lestate\/\" \/>\n<meta property=\"og:site_name\" content=\"MARCAPAR\" \/>\n<meta property=\"article:published_time\" content=\"2025-08-27T14:46:42+00:00\" \/>\n<meta property=\"article:modified_time\" content=\"2025-09-04T08:13:04+00:00\" \/>\n<meta property=\"og:image\" content=\"https:\/\/marcapar.com\/wp-content\/uploads\/2025\/08\/AdobeStock_403117806-edited-1.jpeg\" \/>\n\t<meta property=\"og:image:width\" content=\"1856\" \/>\n\t<meta property=\"og:image:height\" content=\"1856\" \/>\n\t<meta property=\"og:image:type\" content=\"image\/jpeg\" \/>\n<meta name=\"author\" content=\"Manon\" \/>\n<meta name=\"twitter:card\" content=\"summary_large_image\" \/>\n<meta name=\"twitter:label1\" content=\"Scritto da\" \/>\n\t<meta name=\"twitter:data1\" content=\"Manon\" \/>\n\t<meta name=\"twitter:label2\" content=\"Tempo di lettura stimato\" \/>\n\t<meta name=\"twitter:data2\" content=\"3 minuti\" \/>\n<script type=\"application\/ld+json\" class=\"yoast-schema-graph\">{\"@context\":\"https:\\\/\\\/schema.org\",\"@graph\":[{\"@type\":\"Article\",\"@id\":\"https:\\\/\\\/marcapar.com\\\/it\\\/conseils-dexperts\\\/come-si-riparano-i-capelli-dopo-lestate\\\/#article\",\"isPartOf\":{\"@id\":\"https:\\\/\\\/marcapar.com\\\/it\\\/conseils-dexperts\\\/come-si-riparano-i-capelli-dopo-lestate\\\/\"},\"author\":{\"name\":\"Manon\",\"@id\":\"https:\\\/\\\/marcapar.com\\\/it\\\/#\\\/schema\\\/person\\\/5da6224fccb00f3c52d91a20d1cd4c54\"},\"headline\":\"Come si riparano i capelli dopo l&#8217;estate?\",\"datePublished\":\"2025-08-27T14:46:42+00:00\",\"dateModified\":\"2025-09-04T08:13:04+00:00\",\"mainEntityOfPage\":{\"@id\":\"https:\\\/\\\/marcapar.com\\\/it\\\/conseils-dexperts\\\/come-si-riparano-i-capelli-dopo-lestate\\\/\"},\"wordCount\":692,\"commentCount\":0,\"publisher\":{\"@id\":\"https:\\\/\\\/marcapar.com\\\/it\\\/#organization\"},\"image\":{\"@id\":\"https:\\\/\\\/marcapar.com\\\/it\\\/conseils-dexperts\\\/come-si-riparano-i-capelli-dopo-lestate\\\/#primaryimage\"},\"thumbnailUrl\":\"https:\\\/\\\/marcapar.com\\\/wp-content\\\/uploads\\\/2025\\\/08\\\/AdobeStock_403117806-edited-1.jpeg\",\"articleSection\":[\"Bellezza e salute\",\"Non categorizzato\"],\"inLanguage\":\"it-IT\",\"potentialAction\":[{\"@type\":\"CommentAction\",\"name\":\"Comment\",\"target\":[\"https:\\\/\\\/marcapar.com\\\/it\\\/conseils-dexperts\\\/come-si-riparano-i-capelli-dopo-lestate\\\/#respond\"]}]},{\"@type\":\"WebPage\",\"@id\":\"https:\\\/\\\/marcapar.com\\\/it\\\/conseils-dexperts\\\/come-si-riparano-i-capelli-dopo-lestate\\\/\",\"url\":\"https:\\\/\\\/marcapar.com\\\/it\\\/conseils-dexperts\\\/come-si-riparano-i-capelli-dopo-lestate\\\/\",\"name\":\"Come si riparano i capelli dopo l'estate? - MARCAPAR\",\"isPartOf\":{\"@id\":\"https:\\\/\\\/marcapar.com\\\/it\\\/#website\"},\"primaryImageOfPage\":{\"@id\":\"https:\\\/\\\/marcapar.com\\\/it\\\/conseils-dexperts\\\/come-si-riparano-i-capelli-dopo-lestate\\\/#primaryimage\"},\"image\":{\"@id\":\"https:\\\/\\\/marcapar.com\\\/it\\\/conseils-dexperts\\\/come-si-riparano-i-capelli-dopo-lestate\\\/#primaryimage\"},\"thumbnailUrl\":\"https:\\\/\\\/marcapar.com\\\/wp-content\\\/uploads\\\/2025\\\/08\\\/AdobeStock_403117806-edited-1.jpeg\",\"datePublished\":\"2025-08-27T14:46:42+00:00\",\"dateModified\":\"2025-09-04T08:13:04+00:00\",\"breadcrumb\":{\"@id\":\"https:\\\/\\\/marcapar.com\\\/it\\\/conseils-dexperts\\\/come-si-riparano-i-capelli-dopo-lestate\\\/#breadcrumb\"},\"inLanguage\":\"it-IT\",\"potentialAction\":[{\"@type\":\"ReadAction\",\"target\":[\"https:\\\/\\\/marcapar.com\\\/it\\\/conseils-dexperts\\\/come-si-riparano-i-capelli-dopo-lestate\\\/\"]}]},{\"@type\":\"ImageObject\",\"inLanguage\":\"it-IT\",\"@id\":\"https:\\\/\\\/marcapar.com\\\/it\\\/conseils-dexperts\\\/come-si-riparano-i-capelli-dopo-lestate\\\/#primaryimage\",\"url\":\"https:\\\/\\\/marcapar.com\\\/wp-content\\\/uploads\\\/2025\\\/08\\\/AdobeStock_403117806-edited-1.jpeg\",\"contentUrl\":\"https:\\\/\\\/marcapar.com\\\/wp-content\\\/uploads\\\/2025\\\/08\\\/AdobeStock_403117806-edited-1.jpeg\",\"width\":1856,\"height\":1856,\"caption\":\"Coupe pointes\"},{\"@type\":\"BreadcrumbList\",\"@id\":\"https:\\\/\\\/marcapar.com\\\/it\\\/conseils-dexperts\\\/come-si-riparano-i-capelli-dopo-lestate\\\/#breadcrumb\",\"itemListElement\":[{\"@type\":\"ListItem\",\"position\":1,\"name\":\"Pagina iniziale\",\"item\":\"https:\\\/\\\/marcapar.com\\\/it\\\/\"},{\"@type\":\"ListItem\",\"position\":2,\"name\":\"Bellezza e salute\",\"item\":\"https:\\\/\\\/marcapar.com\\\/it\\\/conseils-dexperts\\\/category\\\/bellezza-e-salute\\\/\"},{\"@type\":\"ListItem\",\"position\":3,\"name\":\"Come si riparano i capelli dopo l&#8217;estate?\"}]},{\"@type\":\"WebSite\",\"@id\":\"https:\\\/\\\/marcapar.com\\\/it\\\/#website\",\"url\":\"https:\\\/\\\/marcapar.com\\\/it\\\/\",\"name\":\"MARCAPAR\",\"description\":\"La r\u00e9f\u00e9rence de la coloration v\u00e9g\u00e9tale\",\"publisher\":{\"@id\":\"https:\\\/\\\/marcapar.com\\\/it\\\/#organization\"},\"potentialAction\":[{\"@type\":\"SearchAction\",\"target\":{\"@type\":\"EntryPoint\",\"urlTemplate\":\"https:\\\/\\\/marcapar.com\\\/it\\\/?s={search_term_string}\"},\"query-input\":{\"@type\":\"PropertyValueSpecification\",\"valueRequired\":true,\"valueName\":\"search_term_string\"}}],\"inLanguage\":\"it-IT\"},{\"@type\":\"Organization\",\"@id\":\"https:\\\/\\\/marcapar.com\\\/it\\\/#organization\",\"name\":\"MARCAPAR\",\"url\":\"https:\\\/\\\/marcapar.com\\\/it\\\/\",\"logo\":{\"@type\":\"ImageObject\",\"inLanguage\":\"it-IT\",\"@id\":\"https:\\\/\\\/marcapar.com\\\/it\\\/#\\\/schema\\\/logo\\\/image\\\/\",\"url\":\"https:\\\/\\\/marcapar.com\\\/wp-content\\\/uploads\\\/2024\\\/12\\\/logo.svg\",\"contentUrl\":\"https:\\\/\\\/marcapar.com\\\/wp-content\\\/uploads\\\/2024\\\/12\\\/logo.svg\",\"caption\":\"MARCAPAR\"},\"image\":{\"@id\":\"https:\\\/\\\/marcapar.com\\\/it\\\/#\\\/schema\\\/logo\\\/image\\\/\"}},{\"@type\":\"Person\",\"@id\":\"https:\\\/\\\/marcapar.com\\\/it\\\/#\\\/schema\\\/person\\\/5da6224fccb00f3c52d91a20d1cd4c54\",\"name\":\"Manon\",\"image\":{\"@type\":\"ImageObject\",\"inLanguage\":\"it-IT\",\"@id\":\"https:\\\/\\\/secure.gravatar.com\\\/avatar\\\/55fe278dbc401b88d4c474d55f6dbd37f7ca81473b1f48499b22eadf01992cda?s=96&d=mm&r=g\",\"url\":\"https:\\\/\\\/secure.gravatar.com\\\/avatar\\\/55fe278dbc401b88d4c474d55f6dbd37f7ca81473b1f48499b22eadf01992cda?s=96&d=mm&r=g\",\"contentUrl\":\"https:\\\/\\\/secure.gravatar.com\\\/avatar\\\/55fe278dbc401b88d4c474d55f6dbd37f7ca81473b1f48499b22eadf01992cda?s=96&d=mm&r=g\",\"caption\":\"Manon\"},\"url\":\"https:\\\/\\\/marcapar.com\\\/it\\\/conseils-dexperts\\\/author\\\/manon\\\/\"}]}<\/script>\n<!-- \/ Yoast SEO plugin. -->","yoast_head_json":{"title":"Come si riparano i capelli dopo l'estate? - MARCAPAR","robots":{"index":"index","follow":"follow","max-snippet":"max-snippet:-1","max-image-preview":"max-image-preview:large","max-video-preview":"max-video-preview:-1"},"canonical":"https:\/\/marcapar.com\/it\/conseils-dexperts\/come-si-riparano-i-capelli-dopo-lestate\/","og_locale":"it_IT","og_type":"article","og_title":"Come si riparano i capelli dopo l'estate? - MARCAPAR","og_description":"Dopo l'estate, i capelli sono spesso secchi, spenti e indeboliti da sole, sale e cloro. Ecco i consigli dei nostri esperti su come riparare i capelli e restituire loro forza e lucentezza!","og_url":"https:\/\/marcapar.com\/it\/conseils-dexperts\/come-si-riparano-i-capelli-dopo-lestate\/","og_site_name":"MARCAPAR","article_published_time":"2025-08-27T14:46:42+00:00","article_modified_time":"2025-09-04T08:13:04+00:00","og_image":[{"width":1856,"height":1856,"url":"https:\/\/marcapar.com\/wp-content\/uploads\/2025\/08\/AdobeStock_403117806-edited-1.jpeg","type":"image\/jpeg"}],"author":"Manon","twitter_card":"summary_large_image","twitter_misc":{"Scritto da":"Manon","Tempo di lettura stimato":"3 minuti"},"schema":{"@context":"https:\/\/schema.org","@graph":[{"@type":"Article","@id":"https:\/\/marcapar.com\/it\/conseils-dexperts\/come-si-riparano-i-capelli-dopo-lestate\/#article","isPartOf":{"@id":"https:\/\/marcapar.com\/it\/conseils-dexperts\/come-si-riparano-i-capelli-dopo-lestate\/"},"author":{"name":"Manon","@id":"https:\/\/marcapar.com\/it\/#\/schema\/person\/5da6224fccb00f3c52d91a20d1cd4c54"},"headline":"Come si riparano i capelli dopo l&#8217;estate?","datePublished":"2025-08-27T14:46:42+00:00","dateModified":"2025-09-04T08:13:04+00:00","mainEntityOfPage":{"@id":"https:\/\/marcapar.com\/it\/conseils-dexperts\/come-si-riparano-i-capelli-dopo-lestate\/"},"wordCount":692,"commentCount":0,"publisher":{"@id":"https:\/\/marcapar.com\/it\/#organization"},"image":{"@id":"https:\/\/marcapar.com\/it\/conseils-dexperts\/come-si-riparano-i-capelli-dopo-lestate\/#primaryimage"},"thumbnailUrl":"https:\/\/marcapar.com\/wp-content\/uploads\/2025\/08\/AdobeStock_403117806-edited-1.jpeg","articleSection":["Bellezza e salute","Non categorizzato"],"inLanguage":"it-IT","potentialAction":[{"@type":"CommentAction","name":"Comment","target":["https:\/\/marcapar.com\/it\/conseils-dexperts\/come-si-riparano-i-capelli-dopo-lestate\/#respond"]}]},{"@type":"WebPage","@id":"https:\/\/marcapar.com\/it\/conseils-dexperts\/come-si-riparano-i-capelli-dopo-lestate\/","url":"https:\/\/marcapar.com\/it\/conseils-dexperts\/come-si-riparano-i-capelli-dopo-lestate\/","name":"Come si riparano i capelli dopo l'estate? - MARCAPAR","isPartOf":{"@id":"https:\/\/marcapar.com\/it\/#website"},"primaryImageOfPage":{"@id":"https:\/\/marcapar.com\/it\/conseils-dexperts\/come-si-riparano-i-capelli-dopo-lestate\/#primaryimage"},"image":{"@id":"https:\/\/marcapar.com\/it\/conseils-dexperts\/come-si-riparano-i-capelli-dopo-lestate\/#primaryimage"},"thumbnailUrl":"https:\/\/marcapar.com\/wp-content\/uploads\/2025\/08\/AdobeStock_403117806-edited-1.jpeg","datePublished":"2025-08-27T14:46:42+00:00","dateModified":"2025-09-04T08:13:04+00:00","breadcrumb":{"@id":"https:\/\/marcapar.com\/it\/conseils-dexperts\/come-si-riparano-i-capelli-dopo-lestate\/#breadcrumb"},"inLanguage":"it-IT","potentialAction":[{"@type":"ReadAction","target":["https:\/\/marcapar.com\/it\/conseils-dexperts\/come-si-riparano-i-capelli-dopo-lestate\/"]}]},{"@type":"ImageObject","inLanguage":"it-IT","@id":"https:\/\/marcapar.com\/it\/conseils-dexperts\/come-si-riparano-i-capelli-dopo-lestate\/#primaryimage","url":"https:\/\/marcapar.com\/wp-content\/uploads\/2025\/08\/AdobeStock_403117806-edited-1.jpeg","contentUrl":"https:\/\/marcapar.com\/wp-content\/uploads\/2025\/08\/AdobeStock_403117806-edited-1.jpeg","width":1856,"height":1856,"caption":"Coupe pointes"},{"@type":"BreadcrumbList","@id":"https:\/\/marcapar.com\/it\/conseils-dexperts\/come-si-riparano-i-capelli-dopo-lestate\/#breadcrumb","itemListElement":[{"@type":"ListItem","position":1,"name":"Pagina iniziale","item":"https:\/\/marcapar.com\/it\/"},{"@type":"ListItem","position":2,"name":"Bellezza e salute","item":"https:\/\/marcapar.com\/it\/conseils-dexperts\/category\/bellezza-e-salute\/"},{"@type":"ListItem","position":3,"name":"Come si riparano i capelli dopo l&#8217;estate?"}]},{"@type":"WebSite","@id":"https:\/\/marcapar.com\/it\/#website","url":"https:\/\/marcapar.com\/it\/","name":"MARCAPAR","description":"La r\u00e9f\u00e9rence de la coloration v\u00e9g\u00e9tale","publisher":{"@id":"https:\/\/marcapar.com\/it\/#organization"},"potentialAction":[{"@type":"SearchAction","target":{"@type":"EntryPoint","urlTemplate":"https:\/\/marcapar.com\/it\/?s={search_term_string}"},"query-input":{"@type":"PropertyValueSpecification","valueRequired":true,"valueName":"search_term_string"}}],"inLanguage":"it-IT"},{"@type":"Organization","@id":"https:\/\/marcapar.com\/it\/#organization","name":"MARCAPAR","url":"https:\/\/marcapar.com\/it\/","logo":{"@type":"ImageObject","inLanguage":"it-IT","@id":"https:\/\/marcapar.com\/it\/#\/schema\/logo\/image\/","url":"https:\/\/marcapar.com\/wp-content\/uploads\/2024\/12\/logo.svg","contentUrl":"https:\/\/marcapar.com\/wp-content\/uploads\/2024\/12\/logo.svg","caption":"MARCAPAR"},"image":{"@id":"https:\/\/marcapar.com\/it\/#\/schema\/logo\/image\/"}},{"@type":"Person","@id":"https:\/\/marcapar.com\/it\/#\/schema\/person\/5da6224fccb00f3c52d91a20d1cd4c54","name":"Manon","image":{"@type":"ImageObject","inLanguage":"it-IT","@id":"https:\/\/secure.gravatar.com\/avatar\/55fe278dbc401b88d4c474d55f6dbd37f7ca81473b1f48499b22eadf01992cda?s=96&d=mm&r=g","url":"https:\/\/secure.gravatar.com\/avatar\/55fe278dbc401b88d4c474d55f6dbd37f7ca81473b1f48499b22eadf01992cda?s=96&d=mm&r=g","contentUrl":"https:\/\/secure.gravatar.com\/avatar\/55fe278dbc401b88d4c474d55f6dbd37f7ca81473b1f48499b22eadf01992cda?s=96&d=mm&r=g","caption":"Manon"},"url":"https:\/\/marcapar.com\/it\/conseils-dexperts\/author\/manon\/"}]}},"_links":{"self":[{"href":"https:\/\/marcapar.com\/it\/wp-json\/wp\/v2\/posts\/6014","targetHints":{"allow":["GET"]}}],"collection":[{"href":"https:\/\/marcapar.com\/it\/wp-json\/wp\/v2\/posts"}],"about":[{"href":"https:\/\/marcapar.com\/it\/wp-json\/wp\/v2\/types\/post"}],"author":[{"embeddable":true,"href":"https:\/\/marcapar.com\/it\/wp-json\/wp\/v2\/users\/3"}],"replies":[{"embeddable":true,"href":"https:\/\/marcapar.com\/it\/wp-json\/wp\/v2\/comments?post=6014"}],"version-history":[{"count":3,"href":"https:\/\/marcapar.com\/it\/wp-json\/wp\/v2\/posts\/6014\/revisions"}],"predecessor-version":[{"id":6051,"href":"https:\/\/marcapar.com\/it\/wp-json\/wp\/v2\/posts\/6014\/revisions\/6051"}],"wp:featuredmedia":[{"embeddable":true,"href":"https:\/\/marcapar.com\/it\/wp-json\/wp\/v2\/media\/6006"}],"wp:attachment":[{"href":"https:\/\/marcapar.com\/it\/wp-json\/wp\/v2\/media?parent=6014"}],"wp:term":[{"taxonomy":"category","embeddable":true,"href":"https:\/\/marcapar.com\/it\/wp-json\/wp\/v2\/categories?post=6014"},{"taxonomy":"post_tag","embeddable":true,"href":"https:\/\/marcapar.com\/it\/wp-json\/wp\/v2\/tags?post=6014"}],"curies":[{"name":"wp","href":"https:\/\/api.w.org\/{rel}","templated":true}]}}