{"id":5824,"date":"2025-05-12T13:33:12","date_gmt":"2025-05-12T11:33:12","guid":{"rendered":"https:\/\/marcapar.com\/conseils-dexperts\/recette-la-nuova-generazione-di-prodotti-detergenti\/"},"modified":"2025-08-18T14:13:24","modified_gmt":"2025-08-18T12:13:24","slug":"recette-la-nuova-generazione-di-prodotti-detergenti","status":"publish","type":"post","link":"https:\/\/marcapar.com\/it\/conseils-dexperts\/recette-la-nuova-generazione-di-prodotti-detergenti\/","title":{"rendered":"RECETTE, la nuova generazione di prodotti detergenti."},"content":{"rendered":"\n<p><\/p>\n\n<h3 class=\"wp-block-heading\">Il concetto RECETTE<\/h3>\n\n<p>Con la gamma <strong>RECETTE<\/strong>, MARCAPAR invita tutti a prendersi cura dei propri capelli. Progettata come formula fai-da-te, questa gamma illustra il nostro impegno per una cura dei capelli naturale, personalizzata e consapevole. <\/p>\n\n<p>Il principio \u00e8 divertente, sensoriale ed efficace: crea il tuo shampoo curativo combinando tre elementi essenziali:<\/p>\n\n<ul class=\"wp-block-list\">\n<li><strong>Un Complesso Aromatico<\/strong>, un vero e proprio concentrato di principi attivi vegetali, mirato alle esigenze del tuo cuoio capelluto.<\/li>\n\n\n\n<li><strong>Una base detergente<\/strong> delicata che rispetta il cuoio capelluto.<\/li>\n\n\n\n<li><strong>Un Idrolato<\/strong>, per rafforzare l&#8217;azione del trattamento, aggiungendo un sottile tocco olfattivo.<\/li>\n<\/ul>\n\n<p><\/p>\n\n<p>In pochi passaggi, otterrai una formula unica, adattata alla natura dei tuoi capelli e del tuo cuoio capelluto, secondo la diagnosi del tuo parrucchiere esperto MARCAPAR.<\/p>\n\n<p><\/p>\n\n<h3 class=\"wp-block-heading\">Una gamma completa tra cui scegliere<\/h3>\n\n<p>Per soddisfare le diverse esigenze dei capelli, RECETTE offre una vasta gamma di prodotti:<\/p>\n\n<ul class=\"wp-block-list\">\n<li><strong>3 Complessi Aromatici<\/strong>, ognuno dei quali \u00e8 stato studiato per rispondere a una specifica esigenza: lenitiva, stimolante o purificante. Tutti i Complessi Aromatici sono composti da una sinergia di oli di jojoba, germe di grano e sesamo, che fungono da vettore per gli oli essenziali mirati. <\/li>\n\n\n\n<li><strong>4 basi detergenti<\/strong> in polvere delicate ed efficaci: lenitive, stimolanti, purificanti o volumizzanti. Ogni base detergente combina una selezione di piante scelte per i loro benefici. In comune hanno la saponaria, che \u00e8 il principio attivo detergente ultra delicato, e la lenticchia, che svolge un meraviglioso ruolo condizionante.  <\/li>\n\n\n\n<li><strong>4 Idrolati<\/strong>, realizzati con piante selezionate per le loro propriet\u00e0 lenitive, stimolanti, purificanti o volumizzanti&#8230; L&#8217;idrolato \u00e8 l&#8217;acqua distillata dall&#8217;olio essenziale. Ha le stesse propriet\u00e0 ma \u00e8 pi\u00f9 delicato! In sinergia, rispondono a problemi mirati dei capelli.  <\/li>\n\n\n\n<li><strong>1 Maschera purificante<\/strong> per pulire a fondo il cuoio capelluto.<\/li>\n<\/ul>\n\n<p><\/p>\n\n<p>\u00c8 possibile qualsiasi combinazione. Segui i consigli del tuo parrucchiere MARCAPAR per creare la tua ricetta personale. <\/p>\n\n<h3 class=\"wp-block-heading\">Formule efficaci e naturali al 100%<\/h3>\n\n<p>Per MARCAPAR, l&#8217;efficienza va di pari passo con la naturalezza. Tutti gli ingredienti della gamma RECETTE sono : <\/p>\n\n<ul class=\"wp-block-list\">\n<li><strong>100% naturale<\/strong>, senza conservanti aggiunti.<\/li>\n\n\n\n<li><strong>Ricco di principi attivi vegetali<\/strong> per prestazioni mirate.<\/li>\n\n\n\n<li><strong>Rispettano la tua pelle e i tuoi capelli<\/strong> grazie a formule delicate e senza compromessi.<\/li>\n<\/ul>\n\n<div class=\"wp-block-media-text is-stacked-on-mobile\" style=\"grid-template-columns:19% auto\"><figure class=\"wp-block-media-text__media\"><img loading=\"lazy\" decoding=\"async\" width=\"768\" height=\"1024\" src=\"https:\/\/marcapar.com\/wp-content\/uploads\/2025\/05\/Lentilles_72dpi-768x1024.jpg\" alt=\"\" class=\"wp-image-4509 size-full\" srcset=\"https:\/\/marcapar.com\/wp-content\/uploads\/2025\/05\/Lentilles_72dpi-768x1024.jpg 768w, https:\/\/marcapar.com\/wp-content\/uploads\/2025\/05\/Lentilles_72dpi-225x300.jpg 225w, https:\/\/marcapar.com\/wp-content\/uploads\/2025\/05\/Lentilles_72dpi-1152x1536.jpg 1152w, https:\/\/marcapar.com\/wp-content\/uploads\/2025\/05\/Lentilles_72dpi.jpg 1486w\" sizes=\"auto, (max-width: 768px) 100vw, 768px\" \/><\/figure><div class=\"wp-block-media-text__content\">\n<p>Concentrati sulla <strong>lenticchia bionda Saint-Flour <\/strong>:<\/p>\n\n\n\n<p>Il laboratorio MARCAPAR \u00e8 stato sedotto dalle sue numerose virt\u00f9 e dai suoi effetti sui capelli, tanto insospettabili quanto notevoli. Questo piccolo seme \u00e8 ricco di fibre, ferro, vitamine B1 B9 e proteine!   <\/p>\n\n\n\n<p><br\/>Le sue propriet\u00e0 inguainanti e idratanti sono un&#8217;alternativa al silicone, una sostanza chimica che soffoca i capelli senza nutrirli.<\/p>\n<\/div><\/div>\n\n<p><\/p>\n\n<p>Ogni trattamento \u00e8 studiato per soddisfare le esigenze specifiche senza essere duro o sbilanciato.<\/p>\n\n<h3 class=\"wp-block-heading\">Una gamma che \u00e8 eco-responsabile per natura<\/h3>\n\n<p>RECETTE incarna anche l&#8217;impegno di MARCAPAR nei confronti dell&#8217;ambiente:<\/p>\n\n<ul class=\"wp-block-list\">\n<li><strong>Basi lavanti in polvere<\/strong>, quindi senza acqua, per un trasporto pi\u00f9 leggero e una conservazione naturale.<\/li>\n\n\n\n<li><strong>Prodotti che possono essere ricaricati<\/strong> in salone (Basi detergenti e Idrolati) per ridurre gli sprechi.<\/li>\n\n\n\n<li><strong>Imballaggi in vetro e cartone<\/strong>, riciclabili o riutilizzabili.<\/li>\n\n\n\n<li><strong>Molteplici usi<\/strong>: le formule possono essere utilizzate sui capelli e sul cuoio capelluto, ma anche sul corpo, per un approccio olistico alla cura della pelle.<\/li>\n<\/ul>\n\n<h3 class=\"wp-block-heading\">2 protocolli di utilizzo<\/h3>\n\n<p><\/p>\n\n<ul class=\"wp-block-list\">\n<li>Con il flacone dosatore, per una miscela personalizzata.  <\/li>\n<\/ul>\n\n<ul class=\"wp-block-list\">\n<li>Con il dispenser di polvere, per un&#8217;applicazione graduale.  <\/li>\n<\/ul>\n\n<p><\/p>\n\n<p>Usa la diagnosi del tuo parrucchiere per creare un rituale adatto a te!<\/p>\n\n<p><\/p>\n\n<h3 class=\"wp-block-heading\">Pi\u00f9 di un semplice shampoo<\/h3>\n\n<p>RECETTE \u00e8 una soluzione per la cura della pelle personalizzabile, progettata per soddisfare le esigenze specifiche di ogni tipo di cuoio capelluto e di capelli. Grazie alla combinazione di ingredienti naturali al 100%, puoi creare uno shampoo efficace, progressivo e delicato. <br\/><\/p>\n\n<p>Un rituale semplice e su misura che d\u00e0 un nuovo significato alla tua routine di cura della pelle.<\/p>\n\n<p>Visita un salone partner MARCAPAR per farti fare la diagnosi da un parrucchiere esperto e creare la ricetta pi\u00f9 adatta a te!<\/p>\n\n<p><\/p>\n\n<p><\/p>\n","protected":false},"excerpt":{"rendered":"<p>Personalizzabile, 100% naturale, senza conservanti e ricaricabile, la gamma RECETTE offre a tutti un protocollo su misura, adatto alle proprie esigenze.<br \/>\nUn concetto all&#8217;avanguardia per prendersi cura dei capelli e del pianeta.<\/p>\n","protected":false},"author":2,"featured_media":5826,"comment_status":"open","ping_status":"open","sticky":false,"template":"","format":"standard","meta":{"_acf_changed":false,"footnotes":""},"categories":[32],"tags":[54,53],"class_list":["post-5824","post","type-post","status-publish","format-standard","has-post-thumbnail","hentry","category-bellezza-e-salute","tag-cura-dello-shampoo","tag-fai-da-te"],"acf":[],"yoast_head":"<!-- This site is optimized with the Yoast SEO plugin v27.4 - https:\/\/yoast.com\/product\/yoast-seo-wordpress\/ -->\n<title>RECETTE, la nuova generazione di prodotti detergenti. - MARCAPAR<\/title>\n<meta name=\"description\" content=\"Personalizzabile, 100% naturale, priva di conservanti e ricaricabile, la gamma RECETTE offre a tutti un protocollo su misura, adatto alle proprie esigenze. Un concetto all&#039;avanguardia, per prendersi cura dei capelli e del pianeta.\" \/>\n<meta name=\"robots\" content=\"index, follow, max-snippet:-1, max-image-preview:large, max-video-preview:-1\" \/>\n<link rel=\"canonical\" href=\"https:\/\/marcapar.com\/it\/conseils-dexperts\/recette-la-nuova-generazione-di-prodotti-detergenti\/\" \/>\n<meta property=\"og:locale\" content=\"it_IT\" \/>\n<meta property=\"og:type\" content=\"article\" \/>\n<meta property=\"og:title\" content=\"RECETTE, la nuova generazione di prodotti detergenti. - MARCAPAR\" \/>\n<meta property=\"og:description\" content=\"Personalizzabile, 100% naturale, priva di conservanti e ricaricabile, la gamma RECETTE offre a tutti un protocollo su misura, adatto alle proprie esigenze. Un concetto all&#039;avanguardia, per prendersi cura dei capelli e del pianeta.\" \/>\n<meta property=\"og:url\" content=\"https:\/\/marcapar.com\/it\/conseils-dexperts\/recette-la-nuova-generazione-di-prodotti-detergenti\/\" \/>\n<meta property=\"og:site_name\" content=\"MARCAPAR\" \/>\n<meta property=\"article:published_time\" content=\"2025-05-12T11:33:12+00:00\" \/>\n<meta property=\"article:modified_time\" content=\"2025-08-18T12:13:24+00:00\" \/>\n<meta property=\"og:image\" content=\"https:\/\/marcapar.com\/wp-content\/uploads\/2025\/05\/20240909-MARCAPAR-DAY-39738-RC-rec-72dpi.jpg\" \/>\n\t<meta property=\"og:image:width\" content=\"1320\" \/>\n\t<meta property=\"og:image:height\" content=\"1361\" \/>\n\t<meta property=\"og:image:type\" content=\"image\/jpeg\" \/>\n<meta name=\"author\" content=\"Marie-Alice\" \/>\n<meta name=\"twitter:card\" content=\"summary_large_image\" \/>\n<meta name=\"twitter:label1\" content=\"Scritto da\" \/>\n\t<meta name=\"twitter:data1\" content=\"Marie-Alice\" \/>\n\t<meta name=\"twitter:label2\" content=\"Tempo di lettura stimato\" \/>\n\t<meta name=\"twitter:data2\" content=\"3 minuti\" \/>\n<script type=\"application\/ld+json\" class=\"yoast-schema-graph\">{\"@context\":\"https:\\\/\\\/schema.org\",\"@graph\":[{\"@type\":\"Article\",\"@id\":\"https:\\\/\\\/marcapar.com\\\/it\\\/conseils-dexperts\\\/recette-la-nuova-generazione-di-prodotti-detergenti\\\/#article\",\"isPartOf\":{\"@id\":\"https:\\\/\\\/marcapar.com\\\/it\\\/conseils-dexperts\\\/recette-la-nuova-generazione-di-prodotti-detergenti\\\/\"},\"author\":{\"name\":\"Marie-Alice\",\"@id\":\"https:\\\/\\\/marcapar.com\\\/it\\\/#\\\/schema\\\/person\\\/fb535c96bc716d511c24a763b8849c60\"},\"headline\":\"RECETTE, la nuova generazione di prodotti detergenti.\",\"datePublished\":\"2025-05-12T11:33:12+00:00\",\"dateModified\":\"2025-08-18T12:13:24+00:00\",\"mainEntityOfPage\":{\"@id\":\"https:\\\/\\\/marcapar.com\\\/it\\\/conseils-dexperts\\\/recette-la-nuova-generazione-di-prodotti-detergenti\\\/\"},\"wordCount\":613,\"commentCount\":0,\"publisher\":{\"@id\":\"https:\\\/\\\/marcapar.com\\\/it\\\/#organization\"},\"image\":{\"@id\":\"https:\\\/\\\/marcapar.com\\\/it\\\/conseils-dexperts\\\/recette-la-nuova-generazione-di-prodotti-detergenti\\\/#primaryimage\"},\"thumbnailUrl\":\"https:\\\/\\\/marcapar.com\\\/wp-content\\\/uploads\\\/2025\\\/05\\\/20240909-MARCAPAR-DAY-39738-RC-rec-72dpi.jpg\",\"keywords\":[\"cura dello shampoo\",\"fai da te\"],\"articleSection\":[\"Bellezza e salute\"],\"inLanguage\":\"it-IT\",\"potentialAction\":[{\"@type\":\"CommentAction\",\"name\":\"Comment\",\"target\":[\"https:\\\/\\\/marcapar.com\\\/it\\\/conseils-dexperts\\\/recette-la-nuova-generazione-di-prodotti-detergenti\\\/#respond\"]}]},{\"@type\":\"WebPage\",\"@id\":\"https:\\\/\\\/marcapar.com\\\/it\\\/conseils-dexperts\\\/recette-la-nuova-generazione-di-prodotti-detergenti\\\/\",\"url\":\"https:\\\/\\\/marcapar.com\\\/it\\\/conseils-dexperts\\\/recette-la-nuova-generazione-di-prodotti-detergenti\\\/\",\"name\":\"RECETTE, la nuova generazione di prodotti detergenti. - MARCAPAR\",\"isPartOf\":{\"@id\":\"https:\\\/\\\/marcapar.com\\\/it\\\/#website\"},\"primaryImageOfPage\":{\"@id\":\"https:\\\/\\\/marcapar.com\\\/it\\\/conseils-dexperts\\\/recette-la-nuova-generazione-di-prodotti-detergenti\\\/#primaryimage\"},\"image\":{\"@id\":\"https:\\\/\\\/marcapar.com\\\/it\\\/conseils-dexperts\\\/recette-la-nuova-generazione-di-prodotti-detergenti\\\/#primaryimage\"},\"thumbnailUrl\":\"https:\\\/\\\/marcapar.com\\\/wp-content\\\/uploads\\\/2025\\\/05\\\/20240909-MARCAPAR-DAY-39738-RC-rec-72dpi.jpg\",\"datePublished\":\"2025-05-12T11:33:12+00:00\",\"dateModified\":\"2025-08-18T12:13:24+00:00\",\"description\":\"Personalizzabile, 100% naturale, priva di conservanti e ricaricabile, la gamma RECETTE offre a tutti un protocollo su misura, adatto alle proprie esigenze. Un concetto all'avanguardia, per prendersi cura dei capelli e del pianeta.\",\"breadcrumb\":{\"@id\":\"https:\\\/\\\/marcapar.com\\\/it\\\/conseils-dexperts\\\/recette-la-nuova-generazione-di-prodotti-detergenti\\\/#breadcrumb\"},\"inLanguage\":\"it-IT\",\"potentialAction\":[{\"@type\":\"ReadAction\",\"target\":[\"https:\\\/\\\/marcapar.com\\\/it\\\/conseils-dexperts\\\/recette-la-nuova-generazione-di-prodotti-detergenti\\\/\"]}]},{\"@type\":\"ImageObject\",\"inLanguage\":\"it-IT\",\"@id\":\"https:\\\/\\\/marcapar.com\\\/it\\\/conseils-dexperts\\\/recette-la-nuova-generazione-di-prodotti-detergenti\\\/#primaryimage\",\"url\":\"https:\\\/\\\/marcapar.com\\\/wp-content\\\/uploads\\\/2025\\\/05\\\/20240909-MARCAPAR-DAY-39738-RC-rec-72dpi.jpg\",\"contentUrl\":\"https:\\\/\\\/marcapar.com\\\/wp-content\\\/uploads\\\/2025\\\/05\\\/20240909-MARCAPAR-DAY-39738-RC-rec-72dpi.jpg\",\"width\":1320,\"height\":1361},{\"@type\":\"BreadcrumbList\",\"@id\":\"https:\\\/\\\/marcapar.com\\\/it\\\/conseils-dexperts\\\/recette-la-nuova-generazione-di-prodotti-detergenti\\\/#breadcrumb\",\"itemListElement\":[{\"@type\":\"ListItem\",\"position\":1,\"name\":\"Pagina iniziale\",\"item\":\"https:\\\/\\\/marcapar.com\\\/it\\\/\"},{\"@type\":\"ListItem\",\"position\":2,\"name\":\"Bellezza e salute\",\"item\":\"https:\\\/\\\/marcapar.com\\\/it\\\/conseils-dexperts\\\/category\\\/bellezza-e-salute\\\/\"},{\"@type\":\"ListItem\",\"position\":3,\"name\":\"RECETTE, la nuova generazione di prodotti detergenti.\"}]},{\"@type\":\"WebSite\",\"@id\":\"https:\\\/\\\/marcapar.com\\\/it\\\/#website\",\"url\":\"https:\\\/\\\/marcapar.com\\\/it\\\/\",\"name\":\"MARCAPAR\",\"description\":\"La r\u00e9f\u00e9rence de la coloration v\u00e9g\u00e9tale\",\"publisher\":{\"@id\":\"https:\\\/\\\/marcapar.com\\\/it\\\/#organization\"},\"potentialAction\":[{\"@type\":\"SearchAction\",\"target\":{\"@type\":\"EntryPoint\",\"urlTemplate\":\"https:\\\/\\\/marcapar.com\\\/it\\\/?s={search_term_string}\"},\"query-input\":{\"@type\":\"PropertyValueSpecification\",\"valueRequired\":true,\"valueName\":\"search_term_string\"}}],\"inLanguage\":\"it-IT\"},{\"@type\":\"Organization\",\"@id\":\"https:\\\/\\\/marcapar.com\\\/it\\\/#organization\",\"name\":\"MARCAPAR\",\"url\":\"https:\\\/\\\/marcapar.com\\\/it\\\/\",\"logo\":{\"@type\":\"ImageObject\",\"inLanguage\":\"it-IT\",\"@id\":\"https:\\\/\\\/marcapar.com\\\/it\\\/#\\\/schema\\\/logo\\\/image\\\/\",\"url\":\"https:\\\/\\\/marcapar.com\\\/wp-content\\\/uploads\\\/2024\\\/12\\\/logo.svg\",\"contentUrl\":\"https:\\\/\\\/marcapar.com\\\/wp-content\\\/uploads\\\/2024\\\/12\\\/logo.svg\",\"caption\":\"MARCAPAR\"},\"image\":{\"@id\":\"https:\\\/\\\/marcapar.com\\\/it\\\/#\\\/schema\\\/logo\\\/image\\\/\"}},{\"@type\":\"Person\",\"@id\":\"https:\\\/\\\/marcapar.com\\\/it\\\/#\\\/schema\\\/person\\\/fb535c96bc716d511c24a763b8849c60\",\"name\":\"Marie-Alice\",\"image\":{\"@type\":\"ImageObject\",\"inLanguage\":\"it-IT\",\"@id\":\"https:\\\/\\\/secure.gravatar.com\\\/avatar\\\/6777a403b31e3594d1c3f2a731b77ed9d41731721e6f58ed9ba7e372cfdb23ed?s=96&d=mm&r=g\",\"url\":\"https:\\\/\\\/secure.gravatar.com\\\/avatar\\\/6777a403b31e3594d1c3f2a731b77ed9d41731721e6f58ed9ba7e372cfdb23ed?s=96&d=mm&r=g\",\"contentUrl\":\"https:\\\/\\\/secure.gravatar.com\\\/avatar\\\/6777a403b31e3594d1c3f2a731b77ed9d41731721e6f58ed9ba7e372cfdb23ed?s=96&d=mm&r=g\",\"caption\":\"Marie-Alice\"},\"url\":\"https:\\\/\\\/marcapar.com\\\/it\\\/conseils-dexperts\\\/author\\\/marie-alice\\\/\"}]}<\/script>\n<!-- \/ Yoast SEO plugin. -->","yoast_head_json":{"title":"RECETTE, la nuova generazione di prodotti detergenti. - MARCAPAR","description":"Personalizzabile, 100% naturale, priva di conservanti e ricaricabile, la gamma RECETTE offre a tutti un protocollo su misura, adatto alle proprie esigenze. Un concetto all'avanguardia, per prendersi cura dei capelli e del pianeta.","robots":{"index":"index","follow":"follow","max-snippet":"max-snippet:-1","max-image-preview":"max-image-preview:large","max-video-preview":"max-video-preview:-1"},"canonical":"https:\/\/marcapar.com\/it\/conseils-dexperts\/recette-la-nuova-generazione-di-prodotti-detergenti\/","og_locale":"it_IT","og_type":"article","og_title":"RECETTE, la nuova generazione di prodotti detergenti. - MARCAPAR","og_description":"Personalizzabile, 100% naturale, priva di conservanti e ricaricabile, la gamma RECETTE offre a tutti un protocollo su misura, adatto alle proprie esigenze. Un concetto all'avanguardia, per prendersi cura dei capelli e del pianeta.","og_url":"https:\/\/marcapar.com\/it\/conseils-dexperts\/recette-la-nuova-generazione-di-prodotti-detergenti\/","og_site_name":"MARCAPAR","article_published_time":"2025-05-12T11:33:12+00:00","article_modified_time":"2025-08-18T12:13:24+00:00","og_image":[{"width":1320,"height":1361,"url":"https:\/\/marcapar.com\/wp-content\/uploads\/2025\/05\/20240909-MARCAPAR-DAY-39738-RC-rec-72dpi.jpg","type":"image\/jpeg"}],"author":"Marie-Alice","twitter_card":"summary_large_image","twitter_misc":{"Scritto da":"Marie-Alice","Tempo di lettura stimato":"3 minuti"},"schema":{"@context":"https:\/\/schema.org","@graph":[{"@type":"Article","@id":"https:\/\/marcapar.com\/it\/conseils-dexperts\/recette-la-nuova-generazione-di-prodotti-detergenti\/#article","isPartOf":{"@id":"https:\/\/marcapar.com\/it\/conseils-dexperts\/recette-la-nuova-generazione-di-prodotti-detergenti\/"},"author":{"name":"Marie-Alice","@id":"https:\/\/marcapar.com\/it\/#\/schema\/person\/fb535c96bc716d511c24a763b8849c60"},"headline":"RECETTE, la nuova generazione di prodotti detergenti.","datePublished":"2025-05-12T11:33:12+00:00","dateModified":"2025-08-18T12:13:24+00:00","mainEntityOfPage":{"@id":"https:\/\/marcapar.com\/it\/conseils-dexperts\/recette-la-nuova-generazione-di-prodotti-detergenti\/"},"wordCount":613,"commentCount":0,"publisher":{"@id":"https:\/\/marcapar.com\/it\/#organization"},"image":{"@id":"https:\/\/marcapar.com\/it\/conseils-dexperts\/recette-la-nuova-generazione-di-prodotti-detergenti\/#primaryimage"},"thumbnailUrl":"https:\/\/marcapar.com\/wp-content\/uploads\/2025\/05\/20240909-MARCAPAR-DAY-39738-RC-rec-72dpi.jpg","keywords":["cura dello shampoo","fai da te"],"articleSection":["Bellezza e salute"],"inLanguage":"it-IT","potentialAction":[{"@type":"CommentAction","name":"Comment","target":["https:\/\/marcapar.com\/it\/conseils-dexperts\/recette-la-nuova-generazione-di-prodotti-detergenti\/#respond"]}]},{"@type":"WebPage","@id":"https:\/\/marcapar.com\/it\/conseils-dexperts\/recette-la-nuova-generazione-di-prodotti-detergenti\/","url":"https:\/\/marcapar.com\/it\/conseils-dexperts\/recette-la-nuova-generazione-di-prodotti-detergenti\/","name":"RECETTE, la nuova generazione di prodotti detergenti. - MARCAPAR","isPartOf":{"@id":"https:\/\/marcapar.com\/it\/#website"},"primaryImageOfPage":{"@id":"https:\/\/marcapar.com\/it\/conseils-dexperts\/recette-la-nuova-generazione-di-prodotti-detergenti\/#primaryimage"},"image":{"@id":"https:\/\/marcapar.com\/it\/conseils-dexperts\/recette-la-nuova-generazione-di-prodotti-detergenti\/#primaryimage"},"thumbnailUrl":"https:\/\/marcapar.com\/wp-content\/uploads\/2025\/05\/20240909-MARCAPAR-DAY-39738-RC-rec-72dpi.jpg","datePublished":"2025-05-12T11:33:12+00:00","dateModified":"2025-08-18T12:13:24+00:00","description":"Personalizzabile, 100% naturale, priva di conservanti e ricaricabile, la gamma RECETTE offre a tutti un protocollo su misura, adatto alle proprie esigenze. Un concetto all'avanguardia, per prendersi cura dei capelli e del pianeta.","breadcrumb":{"@id":"https:\/\/marcapar.com\/it\/conseils-dexperts\/recette-la-nuova-generazione-di-prodotti-detergenti\/#breadcrumb"},"inLanguage":"it-IT","potentialAction":[{"@type":"ReadAction","target":["https:\/\/marcapar.com\/it\/conseils-dexperts\/recette-la-nuova-generazione-di-prodotti-detergenti\/"]}]},{"@type":"ImageObject","inLanguage":"it-IT","@id":"https:\/\/marcapar.com\/it\/conseils-dexperts\/recette-la-nuova-generazione-di-prodotti-detergenti\/#primaryimage","url":"https:\/\/marcapar.com\/wp-content\/uploads\/2025\/05\/20240909-MARCAPAR-DAY-39738-RC-rec-72dpi.jpg","contentUrl":"https:\/\/marcapar.com\/wp-content\/uploads\/2025\/05\/20240909-MARCAPAR-DAY-39738-RC-rec-72dpi.jpg","width":1320,"height":1361},{"@type":"BreadcrumbList","@id":"https:\/\/marcapar.com\/it\/conseils-dexperts\/recette-la-nuova-generazione-di-prodotti-detergenti\/#breadcrumb","itemListElement":[{"@type":"ListItem","position":1,"name":"Pagina iniziale","item":"https:\/\/marcapar.com\/it\/"},{"@type":"ListItem","position":2,"name":"Bellezza e salute","item":"https:\/\/marcapar.com\/it\/conseils-dexperts\/category\/bellezza-e-salute\/"},{"@type":"ListItem","position":3,"name":"RECETTE, la nuova generazione di prodotti detergenti."}]},{"@type":"WebSite","@id":"https:\/\/marcapar.com\/it\/#website","url":"https:\/\/marcapar.com\/it\/","name":"MARCAPAR","description":"La r\u00e9f\u00e9rence de la coloration v\u00e9g\u00e9tale","publisher":{"@id":"https:\/\/marcapar.com\/it\/#organization"},"potentialAction":[{"@type":"SearchAction","target":{"@type":"EntryPoint","urlTemplate":"https:\/\/marcapar.com\/it\/?s={search_term_string}"},"query-input":{"@type":"PropertyValueSpecification","valueRequired":true,"valueName":"search_term_string"}}],"inLanguage":"it-IT"},{"@type":"Organization","@id":"https:\/\/marcapar.com\/it\/#organization","name":"MARCAPAR","url":"https:\/\/marcapar.com\/it\/","logo":{"@type":"ImageObject","inLanguage":"it-IT","@id":"https:\/\/marcapar.com\/it\/#\/schema\/logo\/image\/","url":"https:\/\/marcapar.com\/wp-content\/uploads\/2024\/12\/logo.svg","contentUrl":"https:\/\/marcapar.com\/wp-content\/uploads\/2024\/12\/logo.svg","caption":"MARCAPAR"},"image":{"@id":"https:\/\/marcapar.com\/it\/#\/schema\/logo\/image\/"}},{"@type":"Person","@id":"https:\/\/marcapar.com\/it\/#\/schema\/person\/fb535c96bc716d511c24a763b8849c60","name":"Marie-Alice","image":{"@type":"ImageObject","inLanguage":"it-IT","@id":"https:\/\/secure.gravatar.com\/avatar\/6777a403b31e3594d1c3f2a731b77ed9d41731721e6f58ed9ba7e372cfdb23ed?s=96&d=mm&r=g","url":"https:\/\/secure.gravatar.com\/avatar\/6777a403b31e3594d1c3f2a731b77ed9d41731721e6f58ed9ba7e372cfdb23ed?s=96&d=mm&r=g","contentUrl":"https:\/\/secure.gravatar.com\/avatar\/6777a403b31e3594d1c3f2a731b77ed9d41731721e6f58ed9ba7e372cfdb23ed?s=96&d=mm&r=g","caption":"Marie-Alice"},"url":"https:\/\/marcapar.com\/it\/conseils-dexperts\/author\/marie-alice\/"}]}},"_links":{"self":[{"href":"https:\/\/marcapar.com\/it\/wp-json\/wp\/v2\/posts\/5824","targetHints":{"allow":["GET"]}}],"collection":[{"href":"https:\/\/marcapar.com\/it\/wp-json\/wp\/v2\/posts"}],"about":[{"href":"https:\/\/marcapar.com\/it\/wp-json\/wp\/v2\/types\/post"}],"author":[{"embeddable":true,"href":"https:\/\/marcapar.com\/it\/wp-json\/wp\/v2\/users\/2"}],"replies":[{"embeddable":true,"href":"https:\/\/marcapar.com\/it\/wp-json\/wp\/v2\/comments?post=5824"}],"version-history":[{"count":3,"href":"https:\/\/marcapar.com\/it\/wp-json\/wp\/v2\/posts\/5824\/revisions"}],"predecessor-version":[{"id":5876,"href":"https:\/\/marcapar.com\/it\/wp-json\/wp\/v2\/posts\/5824\/revisions\/5876"}],"wp:featuredmedia":[{"embeddable":true,"href":"https:\/\/marcapar.com\/it\/wp-json\/wp\/v2\/media\/5826"}],"wp:attachment":[{"href":"https:\/\/marcapar.com\/it\/wp-json\/wp\/v2\/media?parent=5824"}],"wp:term":[{"taxonomy":"category","embeddable":true,"href":"https:\/\/marcapar.com\/it\/wp-json\/wp\/v2\/categories?post=5824"},{"taxonomy":"post_tag","embeddable":true,"href":"https:\/\/marcapar.com\/it\/wp-json\/wp\/v2\/tags?post=5824"}],"curies":[{"name":"wp","href":"https:\/\/api.w.org\/{rel}","templated":true}]}}