{"id":5740,"date":"2025-06-20T17:46:40","date_gmt":"2025-06-20T15:46:40","guid":{"rendered":"https:\/\/marcapar.com\/conseils-dexperts\/come-ti-prendi-cura-dei-tuoi-capelli-in-estate\/"},"modified":"2025-08-21T14:39:03","modified_gmt":"2025-08-21T12:39:03","slug":"come-ti-prendi-cura-dei-tuoi-capelli-in-estate","status":"publish","type":"post","link":"https:\/\/marcapar.com\/it\/conseils-dexperts\/come-ti-prendi-cura-dei-tuoi-capelli-in-estate\/","title":{"rendered":"Come ti prendi cura dei tuoi capelli in estate?"},"content":{"rendered":"\n<p><\/p>\n\n<h2 class=\"wp-block-heading\">Prenditi cura dei tuoi capelli in estate  <\/h2>\n\n<p>L&#8217;estate evoca spesso immagini di sole, vacanze e relax, ma \u00e8 anche un periodo in cui i capelli sono esposti a una vasta gamma di stress. Tra raggi UV, salsedine, cloro delle piscine, calore e lavaggi ripetuti, la fibra capillare viene messa a dura prova. Di conseguenza, i capelli possono diventare secchi, opachi, fragili e persino scoloriti. In questo articolo ti offriamo alcuni consigli essenziali su come mantenere i tuoi capelli sani, lucidi e pieni di vitalit\u00e0, sfruttando al meglio la stagione estiva.   <\/p>\n\n<h2 class=\"wp-block-heading\">Ecco i 5 consigli dei nostri esperti per mantenere i tuoi capelli sani e belli durante i mesi estivi.<\/h2>\n\n<h3 class=\"wp-block-heading\">1. <strong>Purifica il cuoio capelluto<\/strong><\/h3>\n\n<div class=\"wp-block-media-text is-stacked-on-mobile\" style=\"grid-template-columns:28% auto\"><figure class=\"wp-block-media-text__media\"><img loading=\"lazy\" decoding=\"async\" width=\"594\" height=\"792\" src=\"https:\/\/marcapar.com\/wp-content\/uploads\/2025\/06\/20240909-MARCAPAR-DAY-39060-72dpi-edited.jpg\" alt=\"\" class=\"wp-image-5214 size-full\" srcset=\"https:\/\/marcapar.com\/wp-content\/uploads\/2025\/06\/20240909-MARCAPAR-DAY-39060-72dpi-edited.jpg 594w, https:\/\/marcapar.com\/wp-content\/uploads\/2025\/06\/20240909-MARCAPAR-DAY-39060-72dpi-edited-225x300.jpg 225w\" sizes=\"auto, (max-width: 594px) 100vw, 594px\" \/><\/figure><div class=\"wp-block-media-text__content\">\n<h4 class=\"wp-block-heading\">Sabbia, calore e umidit\u00e0: questi elementi possono turbare il tuo cuoio capelluto.<\/h4>\n\n\n\n<p>In estate pensiamo spesso a proteggere le lunghezze dei nostri capelli, ma dimentichiamo che il cuoio capelluto \u00e8 altrettanto esposto e vulnerabile. La sabbia, il calore eccessivo e l&#8217;umidit\u00e0 possono causare irritazioni, prurito e un eccesso di sebo. Queste aggressioni squilibrano <strong>il microbiota del cuoio capelluto<\/strong>, la flora naturale essenziale per la sua salute.    <\/p>\n\n\n\n<p>Il risultato \u00e8 un cuoio capelluto sensibile, fastidioso e a volte persino irritato.<\/p>\n\n\n\n<p>L&#8217;applicazione della Maschera Riequilibrante ti permetter\u00e0 di :<\/p>\n\n\n\n<ul class=\"wp-block-list\">\n<li><strong>Purificare <\/strong>il cuoio capelluto<\/li>\n\n\n\n<li><strong>Riequilibrare il <\/strong>microbiota della tua cute<\/li>\n\n\n\n<li><strong>Calmare le sensazioni di<\/strong> disagio<\/li>\n\n\n\n<li>Il tutto con una piacevole <strong>sensazione di freschezza<\/strong><\/li>\n<\/ul>\n<\/div><\/div>\n\n<p><\/p>\n\n<h3 class=\"wp-block-heading\"><strong>2. Proteggere la fibra capillare<\/strong><\/h3>\n\n<div class=\"wp-block-media-text has-media-on-the-right is-stacked-on-mobile\" style=\"grid-template-columns:auto 28%\"><div class=\"wp-block-media-text__content\">\n<h4 class=\"wp-block-heading\">In estate, la struttura del capello \u00e8 esposta a numerose sollecitazioni.<\/h4>\n\n\n\n<p>Raggi UV, calore, sale marino, cloro, vento, attrito&#8230;  <br\/>Questi elementi alterano la cheratina naturale, sollevando le squame del capello e lasciando la fibra porosa, secca, fragile o opaca. Ecco perch\u00e9 \u00e8 fondamentale <strong>preservare l&#8217;integrit\u00e0 della fibra<\/strong> per evitare di avere capelli danneggiati al rientro dalle vacanze. <\/p>\n\n\n\n<p><strong>Applica Huile Unique<\/strong> dopo l&#8217;esposizione al sole, dopo il bagno o come trattamento quotidiano su lunghezze e punte. Arricchito con <strong>preziosi oli vegetali<\/strong>, ti aiuter\u00e0 a: <\/p>\n\n\n\n<ul class=\"wp-block-list\">\n<li><strong>Ridonare tono, lucentezza e morbidezza<\/strong> ai tuoi capelli.<\/li>\n\n\n\n<li><strong>Nutrire intensamente<\/strong> la fibra capillare per prevenire la secchezza.<\/li>\n\n\n\n<li><strong>Proteggere naturalmente<\/strong> i tuoi capelli dai danni esterni rivestendoli con una pellicola non grassa.<\/li>\n<\/ul>\n<\/div><figure class=\"wp-block-media-text__media\"><img loading=\"lazy\" decoding=\"async\" width=\"495\" height=\"660\" src=\"https:\/\/marcapar.com\/wp-content\/uploads\/2025\/06\/20240909-MARCAPAR-DAY-310041-72dpi-edited.jpg\" alt=\"\" class=\"wp-image-5216 size-full\" srcset=\"https:\/\/marcapar.com\/wp-content\/uploads\/2025\/06\/20240909-MARCAPAR-DAY-310041-72dpi-edited.jpg 495w, https:\/\/marcapar.com\/wp-content\/uploads\/2025\/06\/20240909-MARCAPAR-DAY-310041-72dpi-edited-225x300.jpg 225w\" sizes=\"auto, (max-width: 495px) 100vw, 495px\" \/><\/figure><\/div>\n\n<p><\/p>\n\n<h3 class=\"wp-block-heading\"><strong>3. Risciacqua e reidrata<\/strong><\/h3>\n\n<div class=\"wp-block-media-text is-stacked-on-mobile\" style=\"grid-template-columns:28% auto\"><figure class=\"wp-block-media-text__media\"><img loading=\"lazy\" decoding=\"async\" width=\"743\" height=\"991\" src=\"https:\/\/marcapar.com\/wp-content\/uploads\/2025\/06\/20240909-MARCAPAR-DAY-39136-72dpi-edited.jpg\" alt=\"\" class=\"wp-image-5218 size-full\" srcset=\"https:\/\/marcapar.com\/wp-content\/uploads\/2025\/06\/20240909-MARCAPAR-DAY-39136-72dpi-edited.jpg 743w, https:\/\/marcapar.com\/wp-content\/uploads\/2025\/06\/20240909-MARCAPAR-DAY-39136-72dpi-edited-225x300.jpg 225w\" sizes=\"auto, (max-width: 743px) 100vw, 743px\" \/><\/figure><div class=\"wp-block-media-text__content\">\n<h4 class=\"wp-block-heading\">Risciacquare e reidratare: i due passaggi fondamentali dopo ogni nuotata.<\/h4>\n\n\n\n<p>Dopo il bagno o un&#8217;esposizione prolungata al sole, i capelli sono saturi di residui che seccano la fibra capillare e squilibrano il cuoio capelluto. Ecco perch\u00e9 il <strong>risciacquo immediato<\/strong> \u00e8 d&#8217;obbligo in estate. <\/p>\n\n\n\n<p>Il <strong>risciacquo con acqua pulita<\/strong> rimuove il sale, il cloro e le impurit\u00e0 che opacizzano e indeboliscono i capelli. Ma questo da solo non basta: la fibra deve essere <strong>reidratata<\/strong> per compensare la perdita di acqua e nutrienti causata dal calore e dai raggi UV. <\/p>\n\n\n\n<p><strong>Applica lo<\/strong> <strong>Shampoo Delicato<\/strong>, <strong>ricco di vitamine e oligoelementi<\/strong>, per aiutare :<\/p>\n\n\n\n<ul class=\"wp-block-list\">\n<li><strong>Rimuovere delicatamente i residui di<\/strong> sale, cloro, sabbia o prodotti solari,<\/li>\n\n\n\n<li><strong>Reidratare in profondit\u00e0 la fibra capillare<\/strong> per compensare la perdita d&#8217;acqua causata dal sole e dal nuoto,<\/li>\n\n\n\n<li><strong>Rivitalizzare e rinforzare<\/strong> i capelli grazie a una sinergia di principi attivi rimineralizzanti<\/li>\n<\/ul>\n\n\n\n<p>Il risultato: capelli <strong>morbidi, leggeri e <\/strong>lucenti!  <\/p>\n<\/div><\/div>\n\n<p><\/p>\n\n<h3 class=\"wp-block-heading\"><strong>4. Districare delicatamente<\/strong><\/h3>\n\n<div class=\"wp-block-media-text has-media-on-the-right is-stacked-on-mobile\" style=\"grid-template-columns:auto 28%\"><div class=\"wp-block-media-text__content\">\n<h4 class=\"wp-block-heading\">Previeni i grovigli e il crespo: adotta le tecniche giuste.<\/h4>\n\n\n\n<p>Dopo una giornata in spiaggia o all&#8217;aria aperta, i capelli possono diventare <strong>aggrovigliati, secchi e tendenti al crespo<\/strong>. Il vento, la sabbia, il sale o l&#8217;acqua clorata, cos\u00ec come l&#8217;umidit\u00e0, attaccano la fibra capillare e sollevano le squame dei capelli, rendendo difficile lo styling. <\/p>\n\n\n\n<p>Spray <strong>l&#8217;\u00c9tonnant Detangler<\/strong> per :<\/p>\n\n\n\n<ul class=\"wp-block-list\">\n<li><strong>Facilitare la districabilit\u00e0<\/strong>, anche sui capelli sensibili.<\/li>\n\n\n\n<li><strong>Idratare intensamente<\/strong> la fibra capillare senza appesantirla.<\/li>\n\n\n\n<li><strong>Levigare e domare l&#8217;effetto crespo<\/strong> con un&#8217;azione leggermente inguainante.<\/li>\n\n\n\n<li>Proteggere i capelli dai danni ambientali lasciando <strong>una finitura morbida e naturale<\/strong>.<\/li>\n<\/ul>\n\n\n\n<p>Ultra-pratico, pu\u00f2 essere utilizzato sui capelli bagnati o asciutti, al ritorno dalla spiaggia o per il mantenimento quotidiano.<\/p>\n\n\n\n<p>Il risultato: capelli <strong>morbidi, leggeri, facili da pettinare<\/strong>&#8230; e sempre radiosamente sani, anche in piena estate.<\/p>\n<\/div><figure class=\"wp-block-media-text__media\"><img loading=\"lazy\" decoding=\"async\" width=\"495\" height=\"660\" src=\"https:\/\/marcapar.com\/wp-content\/uploads\/2025\/06\/20240909-MARCAPAR-DAY-310033-72dpi-edited.jpg\" alt=\"\" class=\"wp-image-5220 size-full\" srcset=\"https:\/\/marcapar.com\/wp-content\/uploads\/2025\/06\/20240909-MARCAPAR-DAY-310033-72dpi-edited.jpg 495w, https:\/\/marcapar.com\/wp-content\/uploads\/2025\/06\/20240909-MARCAPAR-DAY-310033-72dpi-edited-225x300.jpg 225w\" sizes=\"auto, (max-width: 495px) 100vw, 495px\" \/><\/figure><\/div>\n\n<h4 class=\"wp-block-heading\"><\/h4>\n\n<p><\/p>\n\n<h3 class=\"wp-block-heading\"><strong>5. Sublimare con una tinta per capelli a base vegetale<\/strong><\/h3>\n\n<div class=\"wp-block-media-text is-stacked-on-mobile\" style=\"grid-template-columns:28% auto\"><figure class=\"wp-block-media-text__media\"><img loading=\"lazy\" decoding=\"async\" width=\"743\" height=\"991\" src=\"https:\/\/marcapar.com\/wp-content\/uploads\/2025\/06\/20240909-MARCAPAR-DAY-39341-72dpi-edited.jpg\" alt=\"\" class=\"wp-image-5222 size-full\" srcset=\"https:\/\/marcapar.com\/wp-content\/uploads\/2025\/06\/20240909-MARCAPAR-DAY-39341-72dpi-edited.jpg 743w, https:\/\/marcapar.com\/wp-content\/uploads\/2025\/06\/20240909-MARCAPAR-DAY-39341-72dpi-edited-225x300.jpg 225w\" sizes=\"auto, (max-width: 743px) 100vw, 743px\" \/><\/figure><div class=\"wp-block-media-text__content\">\n<h4 class=\"wp-block-heading\">Opta per una tinta per capelli a base vegetale!<\/h4>\n\n\n\n<p>L&#8217;estate \u00e8 un periodo impegnativo per i capelli: i <strong>raggi UV, la salsedine, il cloro, il calore e i lavaggi frequenti<\/strong> indeboliscono la fibra capillare e accelerano lo sbiadimento dei colori tradizionali. \u00c8 qui che entrano in gioco <strong>le colorazioni a base vegetale<\/strong>. <\/p>\n\n\n\n<p>A differenza delle tinte chimiche, la colorazione vegetale non penetra nella fibra capillare: <strong>riveste la<\/strong> superficie <strong>del capello<\/strong>, creando una vera e propria <strong>barriera protettiva<\/strong>.  <\/p>\n\n\n\n<p>Risultato:<\/p>\n\n\n\n<ul class=\"wp-block-list\">\n<li><strong>Protegge naturalmente la fibra<\/strong> dai danni esterni,<\/li>\n\n\n\n<li>Offre un <strong>colore ricco, brillante e in evoluzione<\/strong> che sviluppa una bella patina nel tempo,<\/li>\n\n\n\n<li>Rispetta la <strong>salute del cuoio capelluto<\/strong>, che spesso \u00e8 pi\u00f9 sensibile in estate,<\/li>\n\n\n\n<li><strong>Preserva la qualit\u00e0 dei capelli<\/strong>, anche se esposti al sole o al mare.<\/li>\n<\/ul>\n\n\n\n<p>Oltre a colorare, le piante tintorie rafforzano, idratano e rivitalizzano i capelli: un vero e proprio trattamento oltre che un gesto di bellezza.<\/p>\n<\/div><\/div>\n\n<p><\/p>\n\n<p><\/p>\n\n<p><\/p>\n\n<p>Prendersi cura dei capelli in estate significa soprattutto <strong>proteggerli<\/strong>, <strong>idratarli<\/strong> e <strong>nutrirli<\/strong> con semplici ma efficaci accorgimenti. \u00c8 anche un modo per mantenere i capelli forti, lucidi e sani, sfruttando al meglio la stagione. <\/p>\n\n<div class=\"wp-block-buttons is-content-justification-center is-layout-flex wp-container-core-buttons-is-layout-a89b3969 wp-block-buttons-is-layout-flex\">\n<div class=\"wp-block-button\"><a class=\"wp-block-button__link has-white-color has-black-background-color has-text-color has-background has-link-color wp-element-button\" href=\"https:\/\/marcapar.com\/it\/dove-siamo\/\" style=\"border-radius:0px\" target=\"_blank\" rel=\"noreferrer noopener\">Scopri i nostri prodotti alle fiere dei partner MARCAPAR!  <\/a><\/div>\n<\/div>\n\n<p><\/p>\n","protected":false},"excerpt":{"rendered":"<p>Sole intenso, bagni salati, cloro in piscina&#8230;<br \/>\nL&#8217;estate mette a dura prova i nostri capelli. Scopri i consigli dei nostri esperti su come mantenere i tuoi capelli sani e belli per tutta l&#8217;estate. <\/p>\n","protected":false},"author":3,"featured_media":5741,"comment_status":"open","ping_status":"open","sticky":false,"template":"","format":"standard","meta":{"_acf_changed":false,"footnotes":""},"categories":[32],"tags":[],"class_list":["post-5740","post","type-post","status-publish","format-standard","has-post-thumbnail","hentry","category-bellezza-e-salute"],"acf":[],"yoast_head":"<!-- This site is optimized with the Yoast SEO plugin v27.4 - https:\/\/yoast.com\/product\/yoast-seo-wordpress\/ -->\n<title>Come ti prendi cura dei tuoi capelli in estate? - MARCAPAR<\/title>\n<meta name=\"description\" content=\"Ecco i 5 consigli dei nostri esperti per mantenere i tuoi capelli sani e belli per tutta l&#039;estate.\" \/>\n<meta name=\"robots\" content=\"index, follow, max-snippet:-1, max-image-preview:large, max-video-preview:-1\" \/>\n<link rel=\"canonical\" href=\"https:\/\/marcapar.com\/it\/conseils-dexperts\/come-ti-prendi-cura-dei-tuoi-capelli-in-estate\/\" \/>\n<meta property=\"og:locale\" content=\"it_IT\" \/>\n<meta property=\"og:type\" content=\"article\" \/>\n<meta property=\"og:title\" content=\"Come ti prendi cura dei tuoi capelli in estate? - MARCAPAR\" \/>\n<meta property=\"og:description\" content=\"Ecco i 5 consigli dei nostri esperti per mantenere i tuoi capelli sani e belli per tutta l&#039;estate.\" \/>\n<meta property=\"og:url\" content=\"https:\/\/marcapar.com\/it\/conseils-dexperts\/come-ti-prendi-cura-dei-tuoi-capelli-in-estate\/\" \/>\n<meta property=\"og:site_name\" content=\"MARCAPAR\" \/>\n<meta property=\"article:published_time\" content=\"2025-06-20T15:46:40+00:00\" \/>\n<meta property=\"article:modified_time\" content=\"2025-08-21T12:39:03+00:00\" \/>\n<meta property=\"og:image\" content=\"https:\/\/marcapar.com\/wp-content\/uploads\/2025\/06\/AdobeStock_258663371-scaled.jpeg\" \/>\n\t<meta property=\"og:image:width\" content=\"2560\" \/>\n\t<meta property=\"og:image:height\" content=\"1707\" \/>\n\t<meta property=\"og:image:type\" content=\"image\/jpeg\" \/>\n<meta name=\"author\" content=\"Manon\" \/>\n<meta name=\"twitter:card\" content=\"summary_large_image\" \/>\n<meta name=\"twitter:label1\" content=\"Scritto da\" \/>\n\t<meta name=\"twitter:data1\" content=\"Manon\" \/>\n\t<meta name=\"twitter:label2\" content=\"Tempo di lettura stimato\" \/>\n\t<meta name=\"twitter:data2\" content=\"4 minuti\" \/>\n<script type=\"application\/ld+json\" class=\"yoast-schema-graph\">{\"@context\":\"https:\\\/\\\/schema.org\",\"@graph\":[{\"@type\":\"Article\",\"@id\":\"https:\\\/\\\/marcapar.com\\\/it\\\/conseils-dexperts\\\/come-ti-prendi-cura-dei-tuoi-capelli-in-estate\\\/#article\",\"isPartOf\":{\"@id\":\"https:\\\/\\\/marcapar.com\\\/it\\\/conseils-dexperts\\\/come-ti-prendi-cura-dei-tuoi-capelli-in-estate\\\/\"},\"author\":{\"name\":\"Manon\",\"@id\":\"https:\\\/\\\/marcapar.com\\\/it\\\/#\\\/schema\\\/person\\\/5da6224fccb00f3c52d91a20d1cd4c54\"},\"headline\":\"Come ti prendi cura dei tuoi capelli in estate?\",\"datePublished\":\"2025-06-20T15:46:40+00:00\",\"dateModified\":\"2025-08-21T12:39:03+00:00\",\"mainEntityOfPage\":{\"@id\":\"https:\\\/\\\/marcapar.com\\\/it\\\/conseils-dexperts\\\/come-ti-prendi-cura-dei-tuoi-capelli-in-estate\\\/\"},\"wordCount\":833,\"commentCount\":0,\"publisher\":{\"@id\":\"https:\\\/\\\/marcapar.com\\\/it\\\/#organization\"},\"image\":{\"@id\":\"https:\\\/\\\/marcapar.com\\\/it\\\/conseils-dexperts\\\/come-ti-prendi-cura-dei-tuoi-capelli-in-estate\\\/#primaryimage\"},\"thumbnailUrl\":\"https:\\\/\\\/marcapar.com\\\/wp-content\\\/uploads\\\/2025\\\/06\\\/AdobeStock_258663371-scaled.jpeg\",\"articleSection\":[\"Bellezza e salute\"],\"inLanguage\":\"it-IT\",\"potentialAction\":[{\"@type\":\"CommentAction\",\"name\":\"Comment\",\"target\":[\"https:\\\/\\\/marcapar.com\\\/it\\\/conseils-dexperts\\\/come-ti-prendi-cura-dei-tuoi-capelli-in-estate\\\/#respond\"]}]},{\"@type\":\"WebPage\",\"@id\":\"https:\\\/\\\/marcapar.com\\\/it\\\/conseils-dexperts\\\/come-ti-prendi-cura-dei-tuoi-capelli-in-estate\\\/\",\"url\":\"https:\\\/\\\/marcapar.com\\\/it\\\/conseils-dexperts\\\/come-ti-prendi-cura-dei-tuoi-capelli-in-estate\\\/\",\"name\":\"Come ti prendi cura dei tuoi capelli in estate? - MARCAPAR\",\"isPartOf\":{\"@id\":\"https:\\\/\\\/marcapar.com\\\/it\\\/#website\"},\"primaryImageOfPage\":{\"@id\":\"https:\\\/\\\/marcapar.com\\\/it\\\/conseils-dexperts\\\/come-ti-prendi-cura-dei-tuoi-capelli-in-estate\\\/#primaryimage\"},\"image\":{\"@id\":\"https:\\\/\\\/marcapar.com\\\/it\\\/conseils-dexperts\\\/come-ti-prendi-cura-dei-tuoi-capelli-in-estate\\\/#primaryimage\"},\"thumbnailUrl\":\"https:\\\/\\\/marcapar.com\\\/wp-content\\\/uploads\\\/2025\\\/06\\\/AdobeStock_258663371-scaled.jpeg\",\"datePublished\":\"2025-06-20T15:46:40+00:00\",\"dateModified\":\"2025-08-21T12:39:03+00:00\",\"description\":\"Ecco i 5 consigli dei nostri esperti per mantenere i tuoi capelli sani e belli per tutta l'estate.\",\"breadcrumb\":{\"@id\":\"https:\\\/\\\/marcapar.com\\\/it\\\/conseils-dexperts\\\/come-ti-prendi-cura-dei-tuoi-capelli-in-estate\\\/#breadcrumb\"},\"inLanguage\":\"it-IT\",\"potentialAction\":[{\"@type\":\"ReadAction\",\"target\":[\"https:\\\/\\\/marcapar.com\\\/it\\\/conseils-dexperts\\\/come-ti-prendi-cura-dei-tuoi-capelli-in-estate\\\/\"]}]},{\"@type\":\"ImageObject\",\"inLanguage\":\"it-IT\",\"@id\":\"https:\\\/\\\/marcapar.com\\\/it\\\/conseils-dexperts\\\/come-ti-prendi-cura-dei-tuoi-capelli-in-estate\\\/#primaryimage\",\"url\":\"https:\\\/\\\/marcapar.com\\\/wp-content\\\/uploads\\\/2025\\\/06\\\/AdobeStock_258663371-scaled.jpeg\",\"contentUrl\":\"https:\\\/\\\/marcapar.com\\\/wp-content\\\/uploads\\\/2025\\\/06\\\/AdobeStock_258663371-scaled.jpeg\",\"width\":2560,\"height\":1707,\"caption\":\"Woman with dark hair stands on a top cliff over blue sea view while wind.\"},{\"@type\":\"BreadcrumbList\",\"@id\":\"https:\\\/\\\/marcapar.com\\\/it\\\/conseils-dexperts\\\/come-ti-prendi-cura-dei-tuoi-capelli-in-estate\\\/#breadcrumb\",\"itemListElement\":[{\"@type\":\"ListItem\",\"position\":1,\"name\":\"Pagina iniziale\",\"item\":\"https:\\\/\\\/marcapar.com\\\/it\\\/\"},{\"@type\":\"ListItem\",\"position\":2,\"name\":\"Bellezza e salute\",\"item\":\"https:\\\/\\\/marcapar.com\\\/it\\\/conseils-dexperts\\\/category\\\/bellezza-e-salute\\\/\"},{\"@type\":\"ListItem\",\"position\":3,\"name\":\"Come ti prendi cura dei tuoi capelli in estate?\"}]},{\"@type\":\"WebSite\",\"@id\":\"https:\\\/\\\/marcapar.com\\\/it\\\/#website\",\"url\":\"https:\\\/\\\/marcapar.com\\\/it\\\/\",\"name\":\"MARCAPAR\",\"description\":\"La r\u00e9f\u00e9rence de la coloration v\u00e9g\u00e9tale\",\"publisher\":{\"@id\":\"https:\\\/\\\/marcapar.com\\\/it\\\/#organization\"},\"potentialAction\":[{\"@type\":\"SearchAction\",\"target\":{\"@type\":\"EntryPoint\",\"urlTemplate\":\"https:\\\/\\\/marcapar.com\\\/it\\\/?s={search_term_string}\"},\"query-input\":{\"@type\":\"PropertyValueSpecification\",\"valueRequired\":true,\"valueName\":\"search_term_string\"}}],\"inLanguage\":\"it-IT\"},{\"@type\":\"Organization\",\"@id\":\"https:\\\/\\\/marcapar.com\\\/it\\\/#organization\",\"name\":\"MARCAPAR\",\"url\":\"https:\\\/\\\/marcapar.com\\\/it\\\/\",\"logo\":{\"@type\":\"ImageObject\",\"inLanguage\":\"it-IT\",\"@id\":\"https:\\\/\\\/marcapar.com\\\/it\\\/#\\\/schema\\\/logo\\\/image\\\/\",\"url\":\"https:\\\/\\\/marcapar.com\\\/wp-content\\\/uploads\\\/2024\\\/12\\\/logo.svg\",\"contentUrl\":\"https:\\\/\\\/marcapar.com\\\/wp-content\\\/uploads\\\/2024\\\/12\\\/logo.svg\",\"caption\":\"MARCAPAR\"},\"image\":{\"@id\":\"https:\\\/\\\/marcapar.com\\\/it\\\/#\\\/schema\\\/logo\\\/image\\\/\"}},{\"@type\":\"Person\",\"@id\":\"https:\\\/\\\/marcapar.com\\\/it\\\/#\\\/schema\\\/person\\\/5da6224fccb00f3c52d91a20d1cd4c54\",\"name\":\"Manon\",\"image\":{\"@type\":\"ImageObject\",\"inLanguage\":\"it-IT\",\"@id\":\"https:\\\/\\\/secure.gravatar.com\\\/avatar\\\/55fe278dbc401b88d4c474d55f6dbd37f7ca81473b1f48499b22eadf01992cda?s=96&d=mm&r=g\",\"url\":\"https:\\\/\\\/secure.gravatar.com\\\/avatar\\\/55fe278dbc401b88d4c474d55f6dbd37f7ca81473b1f48499b22eadf01992cda?s=96&d=mm&r=g\",\"contentUrl\":\"https:\\\/\\\/secure.gravatar.com\\\/avatar\\\/55fe278dbc401b88d4c474d55f6dbd37f7ca81473b1f48499b22eadf01992cda?s=96&d=mm&r=g\",\"caption\":\"Manon\"},\"url\":\"https:\\\/\\\/marcapar.com\\\/it\\\/conseils-dexperts\\\/author\\\/manon\\\/\"}]}<\/script>\n<!-- \/ Yoast SEO plugin. -->","yoast_head_json":{"title":"Come ti prendi cura dei tuoi capelli in estate? - MARCAPAR","description":"Ecco i 5 consigli dei nostri esperti per mantenere i tuoi capelli sani e belli per tutta l'estate.","robots":{"index":"index","follow":"follow","max-snippet":"max-snippet:-1","max-image-preview":"max-image-preview:large","max-video-preview":"max-video-preview:-1"},"canonical":"https:\/\/marcapar.com\/it\/conseils-dexperts\/come-ti-prendi-cura-dei-tuoi-capelli-in-estate\/","og_locale":"it_IT","og_type":"article","og_title":"Come ti prendi cura dei tuoi capelli in estate? - MARCAPAR","og_description":"Ecco i 5 consigli dei nostri esperti per mantenere i tuoi capelli sani e belli per tutta l'estate.","og_url":"https:\/\/marcapar.com\/it\/conseils-dexperts\/come-ti-prendi-cura-dei-tuoi-capelli-in-estate\/","og_site_name":"MARCAPAR","article_published_time":"2025-06-20T15:46:40+00:00","article_modified_time":"2025-08-21T12:39:03+00:00","og_image":[{"width":2560,"height":1707,"url":"https:\/\/marcapar.com\/wp-content\/uploads\/2025\/06\/AdobeStock_258663371-scaled.jpeg","type":"image\/jpeg"}],"author":"Manon","twitter_card":"summary_large_image","twitter_misc":{"Scritto da":"Manon","Tempo di lettura stimato":"4 minuti"},"schema":{"@context":"https:\/\/schema.org","@graph":[{"@type":"Article","@id":"https:\/\/marcapar.com\/it\/conseils-dexperts\/come-ti-prendi-cura-dei-tuoi-capelli-in-estate\/#article","isPartOf":{"@id":"https:\/\/marcapar.com\/it\/conseils-dexperts\/come-ti-prendi-cura-dei-tuoi-capelli-in-estate\/"},"author":{"name":"Manon","@id":"https:\/\/marcapar.com\/it\/#\/schema\/person\/5da6224fccb00f3c52d91a20d1cd4c54"},"headline":"Come ti prendi cura dei tuoi capelli in estate?","datePublished":"2025-06-20T15:46:40+00:00","dateModified":"2025-08-21T12:39:03+00:00","mainEntityOfPage":{"@id":"https:\/\/marcapar.com\/it\/conseils-dexperts\/come-ti-prendi-cura-dei-tuoi-capelli-in-estate\/"},"wordCount":833,"commentCount":0,"publisher":{"@id":"https:\/\/marcapar.com\/it\/#organization"},"image":{"@id":"https:\/\/marcapar.com\/it\/conseils-dexperts\/come-ti-prendi-cura-dei-tuoi-capelli-in-estate\/#primaryimage"},"thumbnailUrl":"https:\/\/marcapar.com\/wp-content\/uploads\/2025\/06\/AdobeStock_258663371-scaled.jpeg","articleSection":["Bellezza e salute"],"inLanguage":"it-IT","potentialAction":[{"@type":"CommentAction","name":"Comment","target":["https:\/\/marcapar.com\/it\/conseils-dexperts\/come-ti-prendi-cura-dei-tuoi-capelli-in-estate\/#respond"]}]},{"@type":"WebPage","@id":"https:\/\/marcapar.com\/it\/conseils-dexperts\/come-ti-prendi-cura-dei-tuoi-capelli-in-estate\/","url":"https:\/\/marcapar.com\/it\/conseils-dexperts\/come-ti-prendi-cura-dei-tuoi-capelli-in-estate\/","name":"Come ti prendi cura dei tuoi capelli in estate? - MARCAPAR","isPartOf":{"@id":"https:\/\/marcapar.com\/it\/#website"},"primaryImageOfPage":{"@id":"https:\/\/marcapar.com\/it\/conseils-dexperts\/come-ti-prendi-cura-dei-tuoi-capelli-in-estate\/#primaryimage"},"image":{"@id":"https:\/\/marcapar.com\/it\/conseils-dexperts\/come-ti-prendi-cura-dei-tuoi-capelli-in-estate\/#primaryimage"},"thumbnailUrl":"https:\/\/marcapar.com\/wp-content\/uploads\/2025\/06\/AdobeStock_258663371-scaled.jpeg","datePublished":"2025-06-20T15:46:40+00:00","dateModified":"2025-08-21T12:39:03+00:00","description":"Ecco i 5 consigli dei nostri esperti per mantenere i tuoi capelli sani e belli per tutta l'estate.","breadcrumb":{"@id":"https:\/\/marcapar.com\/it\/conseils-dexperts\/come-ti-prendi-cura-dei-tuoi-capelli-in-estate\/#breadcrumb"},"inLanguage":"it-IT","potentialAction":[{"@type":"ReadAction","target":["https:\/\/marcapar.com\/it\/conseils-dexperts\/come-ti-prendi-cura-dei-tuoi-capelli-in-estate\/"]}]},{"@type":"ImageObject","inLanguage":"it-IT","@id":"https:\/\/marcapar.com\/it\/conseils-dexperts\/come-ti-prendi-cura-dei-tuoi-capelli-in-estate\/#primaryimage","url":"https:\/\/marcapar.com\/wp-content\/uploads\/2025\/06\/AdobeStock_258663371-scaled.jpeg","contentUrl":"https:\/\/marcapar.com\/wp-content\/uploads\/2025\/06\/AdobeStock_258663371-scaled.jpeg","width":2560,"height":1707,"caption":"Woman with dark hair stands on a top cliff over blue sea view while wind."},{"@type":"BreadcrumbList","@id":"https:\/\/marcapar.com\/it\/conseils-dexperts\/come-ti-prendi-cura-dei-tuoi-capelli-in-estate\/#breadcrumb","itemListElement":[{"@type":"ListItem","position":1,"name":"Pagina iniziale","item":"https:\/\/marcapar.com\/it\/"},{"@type":"ListItem","position":2,"name":"Bellezza e salute","item":"https:\/\/marcapar.com\/it\/conseils-dexperts\/category\/bellezza-e-salute\/"},{"@type":"ListItem","position":3,"name":"Come ti prendi cura dei tuoi capelli in estate?"}]},{"@type":"WebSite","@id":"https:\/\/marcapar.com\/it\/#website","url":"https:\/\/marcapar.com\/it\/","name":"MARCAPAR","description":"La r\u00e9f\u00e9rence de la coloration v\u00e9g\u00e9tale","publisher":{"@id":"https:\/\/marcapar.com\/it\/#organization"},"potentialAction":[{"@type":"SearchAction","target":{"@type":"EntryPoint","urlTemplate":"https:\/\/marcapar.com\/it\/?s={search_term_string}"},"query-input":{"@type":"PropertyValueSpecification","valueRequired":true,"valueName":"search_term_string"}}],"inLanguage":"it-IT"},{"@type":"Organization","@id":"https:\/\/marcapar.com\/it\/#organization","name":"MARCAPAR","url":"https:\/\/marcapar.com\/it\/","logo":{"@type":"ImageObject","inLanguage":"it-IT","@id":"https:\/\/marcapar.com\/it\/#\/schema\/logo\/image\/","url":"https:\/\/marcapar.com\/wp-content\/uploads\/2024\/12\/logo.svg","contentUrl":"https:\/\/marcapar.com\/wp-content\/uploads\/2024\/12\/logo.svg","caption":"MARCAPAR"},"image":{"@id":"https:\/\/marcapar.com\/it\/#\/schema\/logo\/image\/"}},{"@type":"Person","@id":"https:\/\/marcapar.com\/it\/#\/schema\/person\/5da6224fccb00f3c52d91a20d1cd4c54","name":"Manon","image":{"@type":"ImageObject","inLanguage":"it-IT","@id":"https:\/\/secure.gravatar.com\/avatar\/55fe278dbc401b88d4c474d55f6dbd37f7ca81473b1f48499b22eadf01992cda?s=96&d=mm&r=g","url":"https:\/\/secure.gravatar.com\/avatar\/55fe278dbc401b88d4c474d55f6dbd37f7ca81473b1f48499b22eadf01992cda?s=96&d=mm&r=g","contentUrl":"https:\/\/secure.gravatar.com\/avatar\/55fe278dbc401b88d4c474d55f6dbd37f7ca81473b1f48499b22eadf01992cda?s=96&d=mm&r=g","caption":"Manon"},"url":"https:\/\/marcapar.com\/it\/conseils-dexperts\/author\/manon\/"}]}},"_links":{"self":[{"href":"https:\/\/marcapar.com\/it\/wp-json\/wp\/v2\/posts\/5740","targetHints":{"allow":["GET"]}}],"collection":[{"href":"https:\/\/marcapar.com\/it\/wp-json\/wp\/v2\/posts"}],"about":[{"href":"https:\/\/marcapar.com\/it\/wp-json\/wp\/v2\/types\/post"}],"author":[{"embeddable":true,"href":"https:\/\/marcapar.com\/it\/wp-json\/wp\/v2\/users\/3"}],"replies":[{"embeddable":true,"href":"https:\/\/marcapar.com\/it\/wp-json\/wp\/v2\/comments?post=5740"}],"version-history":[{"count":3,"href":"https:\/\/marcapar.com\/it\/wp-json\/wp\/v2\/posts\/5740\/revisions"}],"predecessor-version":[{"id":5892,"href":"https:\/\/marcapar.com\/it\/wp-json\/wp\/v2\/posts\/5740\/revisions\/5892"}],"wp:featuredmedia":[{"embeddable":true,"href":"https:\/\/marcapar.com\/it\/wp-json\/wp\/v2\/media\/5741"}],"wp:attachment":[{"href":"https:\/\/marcapar.com\/it\/wp-json\/wp\/v2\/media?parent=5740"}],"wp:term":[{"taxonomy":"category","embeddable":true,"href":"https:\/\/marcapar.com\/it\/wp-json\/wp\/v2\/categories?post=5740"},{"taxonomy":"post_tag","embeddable":true,"href":"https:\/\/marcapar.com\/it\/wp-json\/wp\/v2\/tags?post=5740"}],"curies":[{"name":"wp","href":"https:\/\/api.w.org\/{rel}","templated":true}]}}