{"id":5738,"date":"2025-08-01T10:46:32","date_gmt":"2025-08-01T08:46:32","guid":{"rendered":"https:\/\/marcapar.com\/?p=5738"},"modified":"2025-08-13T15:37:30","modified_gmt":"2025-08-13T13:37:30","slug":"come-si-mantiene-il-colore","status":"publish","type":"post","link":"https:\/\/marcapar.com\/it\/conseils-dexperts\/come-si-mantiene-il-colore\/","title":{"rendered":"Come far durare il colore ?"},"content":{"rendered":"\n<h2 class=\"wp-block-heading\"><\/h2>\n\n<p>Il sole, i lavaggi frequenti e gli elettrodomestici riscaldati sono tutti fattori che possono alterare l&#8217;intensit\u00e0 dei pigmenti e seccare le lunghezze.<br\/>A differenza delle tinture ossidative, la tintura vegetale non sbiadisce improvvisamente. Sbiadisce delicatamente, senza effetto radice, rispettando la fibra capillare. Ha un&#8217;ottima durata e pu\u00f2 essere prolungata con un&#8217;adeguata routine di cura dei capelli.  <\/p>\n\n<p>Scopri i consigli dei nostri esperti su come mantenere e migliorare il tuo colore giorno dopo giorno, anche in estate!<\/p>\n\n<h2 class=\"wp-block-heading\">Ecco i nostri 6 consigli essenziali per preservare la luminosit\u00e0 e lo splendore in modo naturale. <\/h2>\n\n<h3 class=\"wp-block-heading\">1. Opta per una tinta per capelli a base vegetale: facile da mantenere<\/h3>\n\n<div class=\"wp-block-media-text is-stacked-on-mobile\"><figure class=\"wp-block-media-text__media\"><img loading=\"lazy\" decoding=\"async\" width=\"991\" height=\"991\" src=\"https:\/\/marcapar.com\/wp-content\/uploads\/2025\/07\/20240909-MARCAPAR-DAY-39414-72dpi-1-edited-1.jpg\" alt=\"\" class=\"wp-image-5631 size-full\" srcset=\"https:\/\/marcapar.com\/wp-content\/uploads\/2025\/07\/20240909-MARCAPAR-DAY-39414-72dpi-1-edited-1.jpg 991w, https:\/\/marcapar.com\/wp-content\/uploads\/2025\/07\/20240909-MARCAPAR-DAY-39414-72dpi-1-edited-1-300x300.jpg 300w, https:\/\/marcapar.com\/wp-content\/uploads\/2025\/07\/20240909-MARCAPAR-DAY-39414-72dpi-1-edited-1-150x150.jpg 150w, https:\/\/marcapar.com\/wp-content\/uploads\/2025\/07\/20240909-MARCAPAR-DAY-39414-72dpi-1-edited-1-768x768.jpg 768w\" sizes=\"auto, (max-width: 991px) 100vw, 991px\" \/><\/figure><div class=\"wp-block-media-text__content\">\n<p>Sempre pi\u00f9 persone scelgono di <strong>colorare i capelli con tinture vegetali<\/strong>. E a ragione: questa tecnica naturale, delicata e rispettosa della fibra capillare, ha molti vantaggi. <\/p>\n\n\n\n<p>La <strong>tinta per capelli Botanical<\/strong> dona un aspetto molto naturale, con riflessi sfumati che si evolvono armoniosamente a ogni lavaggio. Contrariamente a quanto si crede, copre perfettamente i capelli bianchi, aggiungendo profondit\u00e0, intensit\u00e0 e volume. <\/p>\n\n\n\n<p>Un altro vantaggio significativo \u00e8 che la <strong>ricrescita \u00e8 molto meno visibile rispetto alla colorazione chimica dei capelli<\/strong>. I pigmenti vegetali si fondono naturalmente con il colore di base dei capelli, rendendo la demarcazione alle radici molto pi\u00f9 sottile. <\/p>\n\n\n\n<p>La <strong><a href=\"https:\/\/marcapar.com\/it\/colorazione-vegetale\/\">coloration v\u00e9g\u00e9tale<\/a><\/strong> est l\u2019alli\u00e9e id\u00e9ale de celles et ceux qui veulent pr\u00e9server la sant\u00e9 de leurs cheveux tout en r\u00e9v\u00e9lant une couleur lumineuse. En plus d\u2019\u00eatre douce, elle est bien plus facile \u00e0 entretenir qu\u2019une coloration chimique. <\/p>\n<\/div><\/div>\n\n<p><\/p>\n\n<h3 class=\"wp-block-heading\">2. Incorporare i trattamenti a base di tinture nella tua routine di capelli<\/h3>\n\n<div class=\"wp-block-media-text has-media-on-the-right is-stacked-on-mobile\"><div class=\"wp-block-media-text__content\">\n<p>Per mantenere il colore tra un&#8217;applicazione e l&#8217;altra, usa <strong><a href=\"https:\/\/marcapar.com\/fr\/produit\/categorie\/entretien-de-la-couleur\/\">trattamenti per la tintura<\/a><\/strong> progettato per preservare l&#8217;intensit\u00e0 e la lucentezza dei tuoi capelli trattati con il colore.<br\/><br\/>Grazie alla sua esperienza nella <strong>colorazione dei capelli a base vegetale<\/strong>, <strong>MARCAPAR<\/strong> ha sviluppato una gamma completa di trattamenti naturali a base di piante tintoriali. <a href=\"https:\/\/marcapar.com\/fr\/produit\/tag\/shampooings\/\"><strong>Gli Shampoo Tinctorial<\/strong><\/a> (ricaricabili nei saloni di bellezza) e le <a href=\"https:\/\/marcapar.com\/fr\/produit\/tag\/masques\/\"><strong>Maschere Tinctorial<\/strong><\/a>, arricchite con decotti ed estratti vegetali, agiscono delicatamente per <strong>ravvivare il colore<\/strong> senza danneggiare la fibra capillare. <\/p>\n\n\n\n<p>La loro azione mirata aiuta a <strong>prolungare i riflessi<\/strong>, a <strong>preservare la vitalit\u00e0 dei capelli<\/strong> e a <strong>mantenerli luminosi<\/strong> giorno dopo giorno, rispettando la natura dei tuoi capelli.<\/p>\n\n\n\n<p>Una routine ideale per intervallare la colorazione e mantenere il colore luminoso e naturale pi\u00f9 a lungo. Disponibile in 3 tonalit\u00e0: Biondo (per capelli biondi e chiari), Rosso (per capelli rossi e veneziani) e Marrone (per capelli castani e scuri). <\/p>\n<\/div><figure class=\"wp-block-media-text__media\"><img loading=\"lazy\" decoding=\"async\" width=\"2560\" height=\"2560\" src=\"https:\/\/marcapar.com\/wp-content\/uploads\/2025\/07\/0X4A2913-retK-1-edited-scaled.jpg\" alt=\"\" class=\"wp-image-5635 size-full\" srcset=\"https:\/\/marcapar.com\/wp-content\/uploads\/2025\/07\/0X4A2913-retK-1-edited-scaled.jpg 2560w, https:\/\/marcapar.com\/wp-content\/uploads\/2025\/07\/0X4A2913-retK-1-edited-300x300.jpg 300w, https:\/\/marcapar.com\/wp-content\/uploads\/2025\/07\/0X4A2913-retK-1-edited-1024x1024.jpg 1024w, https:\/\/marcapar.com\/wp-content\/uploads\/2025\/07\/0X4A2913-retK-1-edited-150x150.jpg 150w, https:\/\/marcapar.com\/wp-content\/uploads\/2025\/07\/0X4A2913-retK-1-edited-768x768.jpg 768w, https:\/\/marcapar.com\/wp-content\/uploads\/2025\/07\/0X4A2913-retK-1-edited-1536x1536.jpg 1536w, https:\/\/marcapar.com\/wp-content\/uploads\/2025\/07\/0X4A2913-retK-1-edited-2048x2048.jpg 2048w\" sizes=\"auto, (max-width: 2560px) 100vw, 2560px\" \/><\/figure><\/div>\n\n<h3 class=\"wp-block-heading\">3. Limita i lavaggi per preservare i pigmenti<\/h3>\n\n<div class=\"wp-block-media-text is-stacked-on-mobile\"><figure class=\"wp-block-media-text__media\"><img loading=\"lazy\" decoding=\"async\" width=\"2558\" height=\"2560\" src=\"https:\/\/marcapar.com\/wp-content\/uploads\/2025\/07\/IMG_2274-edited-scaled.jpeg\" alt=\"\" class=\"wp-image-5645 size-full\" srcset=\"https:\/\/marcapar.com\/wp-content\/uploads\/2025\/07\/IMG_2274-edited-scaled.jpeg 2558w, https:\/\/marcapar.com\/wp-content\/uploads\/2025\/07\/IMG_2274-edited-300x300.jpeg 300w, https:\/\/marcapar.com\/wp-content\/uploads\/2025\/07\/IMG_2274-edited-1024x1024.jpeg 1024w, https:\/\/marcapar.com\/wp-content\/uploads\/2025\/07\/IMG_2274-edited-150x150.jpeg 150w, https:\/\/marcapar.com\/wp-content\/uploads\/2025\/07\/IMG_2274-edited-768x769.jpeg 768w, https:\/\/marcapar.com\/wp-content\/uploads\/2025\/07\/IMG_2274-edited-1536x1536.jpeg 1536w, https:\/\/marcapar.com\/wp-content\/uploads\/2025\/07\/IMG_2274-edited-2046x2048.jpeg 2046w\" sizes=\"auto, (max-width: 2558px) 100vw, 2558px\" \/><\/figure><div class=\"wp-block-media-text__content\">\n<p>Troppi lavaggi accelerano lo<strong> sbiadimento del colore<\/strong>. Per mantenere i tuoi <strong>capelli trattati con il colore<\/strong> intensi e luminosi pi\u00f9 a lungo, segui questi semplici accorgimenti quotidiani: <\/p>\n\n\n\n<ul class=\"wp-block-list\">\n<li>Spaziate i vostri shampoo;<\/li>\n\n\n\n<li>L&#8217;acqua calda \u00e8 preferibile a quella calda;<\/li>\n\n\n\n<li>Se necessario, usa uno <a href=\"https:\/\/marcapar.com\/it\/prodotto\/shampooing-sec\"><strong>shampoo secco<\/strong><\/a> <strong>naturale<\/strong> per distanziare i lavaggi.<\/li>\n<\/ul>\n\n\n\n<p><\/p>\n\n\n\n<p>Queste abitudini aiutano a preservare i pigmenti vegetali e a evitare che il colore sbiadisca troppo rapidamente.<\/p>\n\n\n\n<p><\/p>\n\n\n\n<p>Lo <a href=\"https:\/\/marcapar.com\/fr\/produit\/shampooing-sec\/\"><strong>shampoo secco<\/strong><\/a><strong>assorbe il sebo in eccesso <\/strong>e <strong>rinfresca il cuoio capelluto <\/strong>tra uno shampoo e l&#8217;altro.<\/p>\n\n\n\n<p>Arricchito con <strong>proteine del grano<\/strong>, una vera e propria <strong>cheratina vegetale<\/strong>, rafforza i capelli e li lascia morbidi e lucenti. Il talco e l&#8217;amido di mais assorbono, opacizzano e limitano la traspirazione. <\/p>\n\n\n\n<p><\/p>\n<\/div><\/div>\n\n<p><\/p>\n\n<h3 class=\"wp-block-heading\">4. Adotta le giuste tecniche di styling per evitare l&#8217;usura dei pigmenti.<\/h3>\n\n<div class=\"wp-block-media-text has-media-on-the-right is-stacked-on-mobile\"><div class=\"wp-block-media-text__content\">\n<p><strong>I gesti quotidiani<\/strong> hanno un impatto diretto sulla <strong>durata del colore<\/strong> e sulla <strong>salute dei tuoi capelli trattati con il colore<\/strong>. Per mantenere il tuo colore vibrante pi\u00f9 a lungo, \u00e8 essenziale adottare una routine delicata e rispettosa: <\/p>\n\n\n\n<ul class=\"wp-block-list\">\n<li>Limita l&#8217;uso di <strong>apparecchi riscaldati<\/strong> (piastre, asciugacapelli);<\/li>\n\n\n\n<li>Spazzola i capelli delicatamente per evitare rotture;  <\/li>\n\n\n\n<li>Evita di strofinare vigorosamente i capelli con l&#8217;asciugamano.<\/li>\n<\/ul>\n\n\n\n<p><\/p>\n\n\n\n<p>Questi semplici ma efficaci accorgimenti aiutano a <strong>prolungare la brillantezza della tua tinta a base vegetale<\/strong> e a mantenere i capelli sani, elastici e lucenti.<\/p>\n<\/div><figure class=\"wp-block-media-text__media\"><img loading=\"lazy\" decoding=\"async\" width=\"1713\" height=\"1712\" src=\"https:\/\/marcapar.com\/wp-content\/uploads\/2025\/07\/coiffage-edited.jpg\" alt=\"\" class=\"wp-image-5654 size-full\" srcset=\"https:\/\/marcapar.com\/wp-content\/uploads\/2025\/07\/coiffage-edited.jpg 1713w, https:\/\/marcapar.com\/wp-content\/uploads\/2025\/07\/coiffage-edited-300x300.jpg 300w, https:\/\/marcapar.com\/wp-content\/uploads\/2025\/07\/coiffage-edited-1024x1024.jpg 1024w, https:\/\/marcapar.com\/wp-content\/uploads\/2025\/07\/coiffage-edited-150x150.jpg 150w, https:\/\/marcapar.com\/wp-content\/uploads\/2025\/07\/coiffage-edited-768x768.jpg 768w, https:\/\/marcapar.com\/wp-content\/uploads\/2025\/07\/coiffage-edited-1536x1536.jpg 1536w\" sizes=\"auto, (max-width: 1713px) 100vw, 1713px\" \/><\/figure><\/div>\n\n<p><\/p>\n\n<h3 class=\"wp-block-heading\">5. Idratare e proteggere i capelli dai danni ambientali<\/h3>\n\n<div class=\"wp-block-media-text is-stacked-on-mobile\"><figure class=\"wp-block-media-text__media\"><img loading=\"lazy\" decoding=\"async\" width=\"503\" height=\"503\" src=\"https:\/\/marcapar.com\/wp-content\/uploads\/2025\/07\/20240909-MARCAPAR-DAY-39968-150dpi-edited.jpg\" alt=\"\" class=\"wp-image-5665 size-full\" srcset=\"https:\/\/marcapar.com\/wp-content\/uploads\/2025\/07\/20240909-MARCAPAR-DAY-39968-150dpi-edited.jpg 503w, https:\/\/marcapar.com\/wp-content\/uploads\/2025\/07\/20240909-MARCAPAR-DAY-39968-150dpi-edited-300x300.jpg 300w, https:\/\/marcapar.com\/wp-content\/uploads\/2025\/07\/20240909-MARCAPAR-DAY-39968-150dpi-edited-150x150.jpg 150w\" sizes=\"auto, (max-width: 503px) 100vw, 503px\" \/><\/figure><div class=\"wp-block-media-text__content\">\n<p>I capelli in estate sono messi a dura prova: sole, cloro, salsedine, ecc. Per far fronte a questa situazione, <strong>l&#8217;idratazione \u00e8 essenziale<\/strong>. Applica ogni giorno un pizzico di <strong><a href=\"https:\/\/marcapar.com\/fr\/produit\/gelee-coiffante-lindispensable\/\">Styling Gel<\/a>, arricchito con semi di lino<\/strong>, per :  <\/p>\n\n\n\n<ul class=\"wp-block-list\">\n<li>Idrata profondamente;<\/li>\n\n\n\n<li>Proteggiti dal sole per tutto il giorno;  <\/li>\n\n\n\n<li>Domina l&#8217;effetto crespo e valorizza il tuo colore.<\/li>\n<\/ul>\n\n\n\n<p><\/p>\n\n\n\n<p>Applicato ogni mattina sui capelli umidi o asciutti, questo gel naturale restituisce elasticit\u00e0, definizione e lucentezza al tuo colore.<\/p>\n<\/div><\/div>\n\n<p><\/p>\n\n<h3 class=\"wp-block-heading\">6. Utilizza un bagno d&#8217;olio per nutrire e migliorare il tuo colore<\/h3>\n\n<div class=\"wp-block-media-text has-media-on-the-right is-stacked-on-mobile\"><div class=\"wp-block-media-text__content\">\n<p>Un <strong>bagno d&#8217;olio settimanale<\/strong> \u00e8 essenziale per <strong>nutrire, riparare e valorizzare i capelli trattati con il colore<\/strong>. Grazie ai principi attivi naturali, aiuta a ripristinare l&#8217;equilibrio dei capelli dopo le aggressioni esterne (colorazione, sole, calore&#8230;). <\/p>\n\n\n\n<p>Scegli l&#8217;<strong>olio di bellezza l&#8217;Unique<\/strong>, una preziosa sinergia di<strong>oli vegetali ed essenziali<\/strong> che agisce in profondit\u00e0 per :<\/p>\n\n\n\n<ul class=\"wp-block-list\">\n<li>Prolunga la luminosit\u00e0 e la tenuta del tuo colore;<\/li>\n\n\n\n<li>Rafforza la fibra capillare;<\/li>\n\n\n\n<li>Reidrata le lunghezze.<\/li>\n<\/ul>\n\n\n\n<p><\/p>\n\n\n\n<p>Realizzato con sette oli vegetali e olio essenziale di ylang-ylang, nutre, protegge e ripristina la luminosit\u00e0, senza lasciare una finitura grassa.<\/p>\n\n\n\n<p>Ideale come trattamento quotidiano per tutta l&#8217;estate su lunghezze e punte secche, per capelli morbidi, elastici e lucenti.  <\/p>\n\n\n\n<p><\/p>\n\n\n\n<p><\/p>\n<\/div><figure class=\"wp-block-media-text__media\"><img loading=\"lazy\" decoding=\"async\" width=\"594\" height=\"594\" src=\"https:\/\/marcapar.com\/wp-content\/uploads\/2025\/07\/20240909-MARCAPAR-DAY-310041-72dpi-edited.jpg\" alt=\"\" class=\"wp-image-5681 size-full\" srcset=\"https:\/\/marcapar.com\/wp-content\/uploads\/2025\/07\/20240909-MARCAPAR-DAY-310041-72dpi-edited.jpg 594w, https:\/\/marcapar.com\/wp-content\/uploads\/2025\/07\/20240909-MARCAPAR-DAY-310041-72dpi-edited-300x300.jpg 300w, https:\/\/marcapar.com\/wp-content\/uploads\/2025\/07\/20240909-MARCAPAR-DAY-310041-72dpi-edited-150x150.jpg 150w\" sizes=\"auto, (max-width: 594px) 100vw, 594px\" \/><\/figure><\/div>\n\n<h2 class=\"wp-block-heading\"><strong>Prendersi cura dei capelli colorati naturalmente \u00e8 possibile e sostenibile<\/strong><\/h2>\n\n<p>Grazie a questi semplici accorgimenti naturali, puoi <strong>valorizzare il tuo colore<\/strong> a lungo termine, rispettando la salute dei tuoi capelli. Scegliendo una routine naturale e una cura delicata, puoi assicurarti che i tuoi capelli rimangano <strong>lucidi, morbidi e vitali<\/strong> a lungo termine, indipendentemente dalla stagione. <\/p>\n\n<p><\/p>\n\n<div class=\"wp-block-buttons is-content-justification-center is-layout-flex wp-container-core-buttons-is-layout-a89b3969 wp-block-buttons-is-layout-flex\">\n<div class=\"wp-block-button\"><a class=\"wp-block-button__link has-white-color has-black-background-color has-text-color has-background has-link-color wp-element-button\" href=\"https:\/\/marcapar.com\/it\/dove-siamo\/\" style=\"border-radius:0px\" target=\"_blank\" rel=\"noreferrer noopener\">Scopri i nostri prodotti alle fiere dei partner MARCAPAR!  <\/a><\/div>\n<\/div>\n\n<p><\/p>\n","protected":false},"excerpt":{"rendered":"<p>Capelli colorati: tutti i nostri consigli per un colore che dura nel tempo, anche sotto il sole!<br \/>\nRiflessi brillanti, fibra pi\u00f9 forte, colore vibrante&#8230; \u00c8 possibile! Scopri i passi giusti e i prodotti naturali per mantenere il colore dei tuoi capelli giorno dopo giorno. <\/p>\n","protected":false},"author":3,"featured_media":6241,"comment_status":"open","ping_status":"open","sticky":false,"template":"","format":"standard","meta":{"_acf_changed":false,"footnotes":""},"categories":[44,2],"tags":[],"class_list":["post-5738","post","type-post","status-publish","format-standard","has-post-thumbnail","hentry","category-colorazione","category-non-categorizzato"],"acf":[],"yoast_head":"<!-- This site is optimized with the Yoast SEO plugin v27.4 - https:\/\/yoast.com\/product\/yoast-seo-wordpress\/ -->\n<title>Come far durare il colore ? - MARCAPAR<\/title>\n<meta name=\"description\" content=\"Scopri i consigli dei nostri esperti sulla cura naturale dei capelli colorati. Consigli, trattamenti botanici e gesti quotidiani per ravvivare la luminosit\u00e0 del tuo colore.\" \/>\n<meta name=\"robots\" content=\"index, follow, max-snippet:-1, max-image-preview:large, max-video-preview:-1\" \/>\n<link rel=\"canonical\" href=\"https:\/\/marcapar.com\/it\/conseils-dexperts\/come-si-mantiene-il-colore\/\" \/>\n<meta property=\"og:locale\" content=\"it_IT\" \/>\n<meta property=\"og:type\" content=\"article\" \/>\n<meta property=\"og:title\" content=\"Come far durare il colore ? - MARCAPAR\" \/>\n<meta property=\"og:description\" content=\"Scopri i consigli dei nostri esperti sulla cura naturale dei capelli colorati. Consigli, trattamenti botanici e gesti quotidiani per ravvivare la luminosit\u00e0 del tuo colore.\" \/>\n<meta property=\"og:url\" content=\"https:\/\/marcapar.com\/it\/conseils-dexperts\/come-si-mantiene-il-colore\/\" \/>\n<meta property=\"og:site_name\" content=\"MARCAPAR\" \/>\n<meta property=\"article:published_time\" content=\"2025-08-01T08:46:32+00:00\" \/>\n<meta property=\"article:modified_time\" content=\"2025-08-13T13:37:30+00:00\" \/>\n<meta property=\"og:image\" content=\"https:\/\/marcapar.com\/wp-content\/uploads\/2025\/09\/VIVALA-article.jpg\" \/>\n\t<meta property=\"og:image:width\" content=\"1427\" \/>\n\t<meta property=\"og:image:height\" content=\"1913\" \/>\n\t<meta property=\"og:image:type\" content=\"image\/jpeg\" \/>\n<meta name=\"author\" content=\"Manon\" \/>\n<meta name=\"twitter:card\" content=\"summary_large_image\" \/>\n<meta name=\"twitter:label1\" content=\"Scritto da\" \/>\n\t<meta name=\"twitter:data1\" content=\"Manon\" \/>\n\t<meta name=\"twitter:label2\" content=\"Tempo di lettura stimato\" \/>\n\t<meta name=\"twitter:data2\" content=\"4 minuti\" \/>\n<script type=\"application\/ld+json\" class=\"yoast-schema-graph\">{\"@context\":\"https:\\\/\\\/schema.org\",\"@graph\":[{\"@type\":\"Article\",\"@id\":\"https:\\\/\\\/marcapar.com\\\/it\\\/conseils-dexperts\\\/come-si-mantiene-il-colore\\\/#article\",\"isPartOf\":{\"@id\":\"https:\\\/\\\/marcapar.com\\\/it\\\/conseils-dexperts\\\/come-si-mantiene-il-colore\\\/\"},\"author\":{\"name\":\"Manon\",\"@id\":\"https:\\\/\\\/marcapar.com\\\/it\\\/#\\\/schema\\\/person\\\/5da6224fccb00f3c52d91a20d1cd4c54\"},\"headline\":\"Come far durare il colore ?\",\"datePublished\":\"2025-08-01T08:46:32+00:00\",\"dateModified\":\"2025-08-13T13:37:30+00:00\",\"mainEntityOfPage\":{\"@id\":\"https:\\\/\\\/marcapar.com\\\/it\\\/conseils-dexperts\\\/come-si-mantiene-il-colore\\\/\"},\"wordCount\":909,\"commentCount\":0,\"publisher\":{\"@id\":\"https:\\\/\\\/marcapar.com\\\/it\\\/#organization\"},\"image\":{\"@id\":\"https:\\\/\\\/marcapar.com\\\/it\\\/conseils-dexperts\\\/come-si-mantiene-il-colore\\\/#primaryimage\"},\"thumbnailUrl\":\"https:\\\/\\\/marcapar.com\\\/wp-content\\\/uploads\\\/2025\\\/09\\\/VIVALA-article.jpg\",\"articleSection\":[\"Colorazione\",\"Non categorizzato\"],\"inLanguage\":\"it-IT\",\"potentialAction\":[{\"@type\":\"CommentAction\",\"name\":\"Comment\",\"target\":[\"https:\\\/\\\/marcapar.com\\\/it\\\/conseils-dexperts\\\/come-si-mantiene-il-colore\\\/#respond\"]}]},{\"@type\":\"WebPage\",\"@id\":\"https:\\\/\\\/marcapar.com\\\/it\\\/conseils-dexperts\\\/come-si-mantiene-il-colore\\\/\",\"url\":\"https:\\\/\\\/marcapar.com\\\/it\\\/conseils-dexperts\\\/come-si-mantiene-il-colore\\\/\",\"name\":\"Come far durare il colore ? - MARCAPAR\",\"isPartOf\":{\"@id\":\"https:\\\/\\\/marcapar.com\\\/it\\\/#website\"},\"primaryImageOfPage\":{\"@id\":\"https:\\\/\\\/marcapar.com\\\/it\\\/conseils-dexperts\\\/come-si-mantiene-il-colore\\\/#primaryimage\"},\"image\":{\"@id\":\"https:\\\/\\\/marcapar.com\\\/it\\\/conseils-dexperts\\\/come-si-mantiene-il-colore\\\/#primaryimage\"},\"thumbnailUrl\":\"https:\\\/\\\/marcapar.com\\\/wp-content\\\/uploads\\\/2025\\\/09\\\/VIVALA-article.jpg\",\"datePublished\":\"2025-08-01T08:46:32+00:00\",\"dateModified\":\"2025-08-13T13:37:30+00:00\",\"description\":\"Scopri i consigli dei nostri esperti sulla cura naturale dei capelli colorati. Consigli, trattamenti botanici e gesti quotidiani per ravvivare la luminosit\u00e0 del tuo colore.\",\"breadcrumb\":{\"@id\":\"https:\\\/\\\/marcapar.com\\\/it\\\/conseils-dexperts\\\/come-si-mantiene-il-colore\\\/#breadcrumb\"},\"inLanguage\":\"it-IT\",\"potentialAction\":[{\"@type\":\"ReadAction\",\"target\":[\"https:\\\/\\\/marcapar.com\\\/it\\\/conseils-dexperts\\\/come-si-mantiene-il-colore\\\/\"]}]},{\"@type\":\"ImageObject\",\"inLanguage\":\"it-IT\",\"@id\":\"https:\\\/\\\/marcapar.com\\\/it\\\/conseils-dexperts\\\/come-si-mantiene-il-colore\\\/#primaryimage\",\"url\":\"https:\\\/\\\/marcapar.com\\\/wp-content\\\/uploads\\\/2025\\\/09\\\/VIVALA-article.jpg\",\"contentUrl\":\"https:\\\/\\\/marcapar.com\\\/wp-content\\\/uploads\\\/2025\\\/09\\\/VIVALA-article.jpg\",\"width\":1427,\"height\":1913},{\"@type\":\"BreadcrumbList\",\"@id\":\"https:\\\/\\\/marcapar.com\\\/it\\\/conseils-dexperts\\\/come-si-mantiene-il-colore\\\/#breadcrumb\",\"itemListElement\":[{\"@type\":\"ListItem\",\"position\":1,\"name\":\"Pagina iniziale\",\"item\":\"https:\\\/\\\/marcapar.com\\\/it\\\/\"},{\"@type\":\"ListItem\",\"position\":2,\"name\":\"Colorazione\",\"item\":\"https:\\\/\\\/marcapar.com\\\/it\\\/conseils-dexperts\\\/category\\\/colorazione\\\/\"},{\"@type\":\"ListItem\",\"position\":3,\"name\":\"Come far durare il colore ?\"}]},{\"@type\":\"WebSite\",\"@id\":\"https:\\\/\\\/marcapar.com\\\/it\\\/#website\",\"url\":\"https:\\\/\\\/marcapar.com\\\/it\\\/\",\"name\":\"MARCAPAR\",\"description\":\"La r\u00e9f\u00e9rence de la coloration v\u00e9g\u00e9tale\",\"publisher\":{\"@id\":\"https:\\\/\\\/marcapar.com\\\/it\\\/#organization\"},\"potentialAction\":[{\"@type\":\"SearchAction\",\"target\":{\"@type\":\"EntryPoint\",\"urlTemplate\":\"https:\\\/\\\/marcapar.com\\\/it\\\/?s={search_term_string}\"},\"query-input\":{\"@type\":\"PropertyValueSpecification\",\"valueRequired\":true,\"valueName\":\"search_term_string\"}}],\"inLanguage\":\"it-IT\"},{\"@type\":\"Organization\",\"@id\":\"https:\\\/\\\/marcapar.com\\\/it\\\/#organization\",\"name\":\"MARCAPAR\",\"url\":\"https:\\\/\\\/marcapar.com\\\/it\\\/\",\"logo\":{\"@type\":\"ImageObject\",\"inLanguage\":\"it-IT\",\"@id\":\"https:\\\/\\\/marcapar.com\\\/it\\\/#\\\/schema\\\/logo\\\/image\\\/\",\"url\":\"https:\\\/\\\/marcapar.com\\\/wp-content\\\/uploads\\\/2024\\\/12\\\/logo.svg\",\"contentUrl\":\"https:\\\/\\\/marcapar.com\\\/wp-content\\\/uploads\\\/2024\\\/12\\\/logo.svg\",\"caption\":\"MARCAPAR\"},\"image\":{\"@id\":\"https:\\\/\\\/marcapar.com\\\/it\\\/#\\\/schema\\\/logo\\\/image\\\/\"}},{\"@type\":\"Person\",\"@id\":\"https:\\\/\\\/marcapar.com\\\/it\\\/#\\\/schema\\\/person\\\/5da6224fccb00f3c52d91a20d1cd4c54\",\"name\":\"Manon\",\"image\":{\"@type\":\"ImageObject\",\"inLanguage\":\"it-IT\",\"@id\":\"https:\\\/\\\/secure.gravatar.com\\\/avatar\\\/55fe278dbc401b88d4c474d55f6dbd37f7ca81473b1f48499b22eadf01992cda?s=96&d=mm&r=g\",\"url\":\"https:\\\/\\\/secure.gravatar.com\\\/avatar\\\/55fe278dbc401b88d4c474d55f6dbd37f7ca81473b1f48499b22eadf01992cda?s=96&d=mm&r=g\",\"contentUrl\":\"https:\\\/\\\/secure.gravatar.com\\\/avatar\\\/55fe278dbc401b88d4c474d55f6dbd37f7ca81473b1f48499b22eadf01992cda?s=96&d=mm&r=g\",\"caption\":\"Manon\"},\"url\":\"https:\\\/\\\/marcapar.com\\\/it\\\/conseils-dexperts\\\/author\\\/manon\\\/\"}]}<\/script>\n<!-- \/ Yoast SEO plugin. -->","yoast_head_json":{"title":"Come far durare il colore ? - MARCAPAR","description":"Scopri i consigli dei nostri esperti sulla cura naturale dei capelli colorati. Consigli, trattamenti botanici e gesti quotidiani per ravvivare la luminosit\u00e0 del tuo colore.","robots":{"index":"index","follow":"follow","max-snippet":"max-snippet:-1","max-image-preview":"max-image-preview:large","max-video-preview":"max-video-preview:-1"},"canonical":"https:\/\/marcapar.com\/it\/conseils-dexperts\/come-si-mantiene-il-colore\/","og_locale":"it_IT","og_type":"article","og_title":"Come far durare il colore ? - MARCAPAR","og_description":"Scopri i consigli dei nostri esperti sulla cura naturale dei capelli colorati. Consigli, trattamenti botanici e gesti quotidiani per ravvivare la luminosit\u00e0 del tuo colore.","og_url":"https:\/\/marcapar.com\/it\/conseils-dexperts\/come-si-mantiene-il-colore\/","og_site_name":"MARCAPAR","article_published_time":"2025-08-01T08:46:32+00:00","article_modified_time":"2025-08-13T13:37:30+00:00","og_image":[{"width":1427,"height":1913,"url":"https:\/\/marcapar.com\/wp-content\/uploads\/2025\/09\/VIVALA-article.jpg","type":"image\/jpeg"}],"author":"Manon","twitter_card":"summary_large_image","twitter_misc":{"Scritto da":"Manon","Tempo di lettura stimato":"4 minuti"},"schema":{"@context":"https:\/\/schema.org","@graph":[{"@type":"Article","@id":"https:\/\/marcapar.com\/it\/conseils-dexperts\/come-si-mantiene-il-colore\/#article","isPartOf":{"@id":"https:\/\/marcapar.com\/it\/conseils-dexperts\/come-si-mantiene-il-colore\/"},"author":{"name":"Manon","@id":"https:\/\/marcapar.com\/it\/#\/schema\/person\/5da6224fccb00f3c52d91a20d1cd4c54"},"headline":"Come far durare il colore ?","datePublished":"2025-08-01T08:46:32+00:00","dateModified":"2025-08-13T13:37:30+00:00","mainEntityOfPage":{"@id":"https:\/\/marcapar.com\/it\/conseils-dexperts\/come-si-mantiene-il-colore\/"},"wordCount":909,"commentCount":0,"publisher":{"@id":"https:\/\/marcapar.com\/it\/#organization"},"image":{"@id":"https:\/\/marcapar.com\/it\/conseils-dexperts\/come-si-mantiene-il-colore\/#primaryimage"},"thumbnailUrl":"https:\/\/marcapar.com\/wp-content\/uploads\/2025\/09\/VIVALA-article.jpg","articleSection":["Colorazione","Non categorizzato"],"inLanguage":"it-IT","potentialAction":[{"@type":"CommentAction","name":"Comment","target":["https:\/\/marcapar.com\/it\/conseils-dexperts\/come-si-mantiene-il-colore\/#respond"]}]},{"@type":"WebPage","@id":"https:\/\/marcapar.com\/it\/conseils-dexperts\/come-si-mantiene-il-colore\/","url":"https:\/\/marcapar.com\/it\/conseils-dexperts\/come-si-mantiene-il-colore\/","name":"Come far durare il colore ? - MARCAPAR","isPartOf":{"@id":"https:\/\/marcapar.com\/it\/#website"},"primaryImageOfPage":{"@id":"https:\/\/marcapar.com\/it\/conseils-dexperts\/come-si-mantiene-il-colore\/#primaryimage"},"image":{"@id":"https:\/\/marcapar.com\/it\/conseils-dexperts\/come-si-mantiene-il-colore\/#primaryimage"},"thumbnailUrl":"https:\/\/marcapar.com\/wp-content\/uploads\/2025\/09\/VIVALA-article.jpg","datePublished":"2025-08-01T08:46:32+00:00","dateModified":"2025-08-13T13:37:30+00:00","description":"Scopri i consigli dei nostri esperti sulla cura naturale dei capelli colorati. Consigli, trattamenti botanici e gesti quotidiani per ravvivare la luminosit\u00e0 del tuo colore.","breadcrumb":{"@id":"https:\/\/marcapar.com\/it\/conseils-dexperts\/come-si-mantiene-il-colore\/#breadcrumb"},"inLanguage":"it-IT","potentialAction":[{"@type":"ReadAction","target":["https:\/\/marcapar.com\/it\/conseils-dexperts\/come-si-mantiene-il-colore\/"]}]},{"@type":"ImageObject","inLanguage":"it-IT","@id":"https:\/\/marcapar.com\/it\/conseils-dexperts\/come-si-mantiene-il-colore\/#primaryimage","url":"https:\/\/marcapar.com\/wp-content\/uploads\/2025\/09\/VIVALA-article.jpg","contentUrl":"https:\/\/marcapar.com\/wp-content\/uploads\/2025\/09\/VIVALA-article.jpg","width":1427,"height":1913},{"@type":"BreadcrumbList","@id":"https:\/\/marcapar.com\/it\/conseils-dexperts\/come-si-mantiene-il-colore\/#breadcrumb","itemListElement":[{"@type":"ListItem","position":1,"name":"Pagina iniziale","item":"https:\/\/marcapar.com\/it\/"},{"@type":"ListItem","position":2,"name":"Colorazione","item":"https:\/\/marcapar.com\/it\/conseils-dexperts\/category\/colorazione\/"},{"@type":"ListItem","position":3,"name":"Come far durare il colore ?"}]},{"@type":"WebSite","@id":"https:\/\/marcapar.com\/it\/#website","url":"https:\/\/marcapar.com\/it\/","name":"MARCAPAR","description":"La r\u00e9f\u00e9rence de la coloration v\u00e9g\u00e9tale","publisher":{"@id":"https:\/\/marcapar.com\/it\/#organization"},"potentialAction":[{"@type":"SearchAction","target":{"@type":"EntryPoint","urlTemplate":"https:\/\/marcapar.com\/it\/?s={search_term_string}"},"query-input":{"@type":"PropertyValueSpecification","valueRequired":true,"valueName":"search_term_string"}}],"inLanguage":"it-IT"},{"@type":"Organization","@id":"https:\/\/marcapar.com\/it\/#organization","name":"MARCAPAR","url":"https:\/\/marcapar.com\/it\/","logo":{"@type":"ImageObject","inLanguage":"it-IT","@id":"https:\/\/marcapar.com\/it\/#\/schema\/logo\/image\/","url":"https:\/\/marcapar.com\/wp-content\/uploads\/2024\/12\/logo.svg","contentUrl":"https:\/\/marcapar.com\/wp-content\/uploads\/2024\/12\/logo.svg","caption":"MARCAPAR"},"image":{"@id":"https:\/\/marcapar.com\/it\/#\/schema\/logo\/image\/"}},{"@type":"Person","@id":"https:\/\/marcapar.com\/it\/#\/schema\/person\/5da6224fccb00f3c52d91a20d1cd4c54","name":"Manon","image":{"@type":"ImageObject","inLanguage":"it-IT","@id":"https:\/\/secure.gravatar.com\/avatar\/55fe278dbc401b88d4c474d55f6dbd37f7ca81473b1f48499b22eadf01992cda?s=96&d=mm&r=g","url":"https:\/\/secure.gravatar.com\/avatar\/55fe278dbc401b88d4c474d55f6dbd37f7ca81473b1f48499b22eadf01992cda?s=96&d=mm&r=g","contentUrl":"https:\/\/secure.gravatar.com\/avatar\/55fe278dbc401b88d4c474d55f6dbd37f7ca81473b1f48499b22eadf01992cda?s=96&d=mm&r=g","caption":"Manon"},"url":"https:\/\/marcapar.com\/it\/conseils-dexperts\/author\/manon\/"}]}},"_links":{"self":[{"href":"https:\/\/marcapar.com\/it\/wp-json\/wp\/v2\/posts\/5738","targetHints":{"allow":["GET"]}}],"collection":[{"href":"https:\/\/marcapar.com\/it\/wp-json\/wp\/v2\/posts"}],"about":[{"href":"https:\/\/marcapar.com\/it\/wp-json\/wp\/v2\/types\/post"}],"author":[{"embeddable":true,"href":"https:\/\/marcapar.com\/it\/wp-json\/wp\/v2\/users\/3"}],"replies":[{"embeddable":true,"href":"https:\/\/marcapar.com\/it\/wp-json\/wp\/v2\/comments?post=5738"}],"version-history":[{"count":5,"href":"https:\/\/marcapar.com\/it\/wp-json\/wp\/v2\/posts\/5738\/revisions"}],"predecessor-version":[{"id":5806,"href":"https:\/\/marcapar.com\/it\/wp-json\/wp\/v2\/posts\/5738\/revisions\/5806"}],"wp:featuredmedia":[{"embeddable":true,"href":"https:\/\/marcapar.com\/it\/wp-json\/wp\/v2\/media\/6241"}],"wp:attachment":[{"href":"https:\/\/marcapar.com\/it\/wp-json\/wp\/v2\/media?parent=5738"}],"wp:term":[{"taxonomy":"category","embeddable":true,"href":"https:\/\/marcapar.com\/it\/wp-json\/wp\/v2\/categories?post=5738"},{"taxonomy":"post_tag","embeddable":true,"href":"https:\/\/marcapar.com\/it\/wp-json\/wp\/v2\/tags?post=5738"}],"curies":[{"name":"wp","href":"https:\/\/api.w.org\/{rel}","templated":true}]}}