{"id":4721,"date":"2022-03-16T11:41:11","date_gmt":"2022-03-16T10:41:11","guid":{"rendered":"https:\/\/marcapar.com\/conseils-dexperts\/shampoo-di-che-cosa-hanno-bisogno-i-tuoi-capelli\/"},"modified":"2025-06-30T12:01:24","modified_gmt":"2025-06-30T10:01:24","slug":"shampoo-di-che-cosa-hanno-bisogno-i-tuoi-capelli","status":"publish","type":"post","link":"https:\/\/marcapar.com\/it\/conseils-dexperts\/shampoo-di-che-cosa-hanno-bisogno-i-tuoi-capelli\/","title":{"rendered":"Shampoo: di che cosa hanno bisogno i tuoi capelli?"},"content":{"rendered":"\n<h2 class=\"wp-block-heading\">La composizione dello shampoo<\/h2>\n\n\n\n<p>L\u2019ingrediente che non pu\u00f2 davvero mai mancare in uno shampoo (dal 15 al 30%) \u00e8 <strong>l\u2019agente detergente, anche detto tensioattivo,<\/strong> che pulisce il capello, eliminando le impurit\u00e0. Per diluirlo, si usa l\u2019acqua. Un normale shampoo liquido contiene circa il <strong>70 &#8211; 80% di acqua<\/strong>. Ma chi dice acqua, dice microbi. Per evitare che la miscela si deteriori, quindi, si aggiunge un conservante. Questa \u00e8 la base di ogni shampoo.<\/p>\n\n\n\n<h2 class=\"wp-block-heading\">Shampoo tradizionale vs shampoo naturale<\/h2>\n\n\n\n<p>Uno shampoo tradizionale contiene anche numerosi additivi: siliconi, opacizzanti, conservanti, ecc., che tuttavia non sono sempre benefici per il capello e, a lungo andare, possono danneggiarlo.<\/p>\n\n\n\n<p><strong>Noi di MARCAPAR ci concentriamo sull\u2019essenziale<\/strong>: solo ingredienti utili, di origine naturale e selezionati per le loro propriet\u00e0 benefiche!<\/p>\n\n\n\n<h2 class=\"wp-block-heading\">Con Recette, poi, facciamo a meno anche dei conservanti!<\/h2>\n\n\n\n<p>Assemblando da soli lo shampoo appena prima dell\u2019applicazione, infatti, non c\u2019\u00e8 bisogno dei conservanti! Basta mescolare:<\/p>\n\n\n\n<div class=\"wp-block-media-text is-stacked-on-mobile\" style=\"grid-template-columns:30% auto\"><figure class=\"wp-block-media-text__media\"><img loading=\"lazy\" decoding=\"async\" width=\"319\" height=\"348\" src=\"https:\/\/marcapar.com\/wp-content\/uploads\/2022\/03\/Visuel-6.png\" alt=\"\" class=\"wp-image-5300 size-full\" srcset=\"https:\/\/marcapar.com\/wp-content\/uploads\/2022\/03\/Visuel-6.png 319w, https:\/\/marcapar.com\/wp-content\/uploads\/2022\/03\/Visuel-6-275x300.png 275w\" sizes=\"auto, (max-width: 319px) 100vw, 319px\" \/><\/figure><div class=\"wp-block-media-text__content\">\n<ul class=\"wp-block-list\">\n<li>un po\u2019 d\u2019acqua<\/li>\n\n\n\n<li>1 base lavante: agente detergente + piante aromatiche ridotte in finissima polvere,<\/li>\n\n\n\n<li>1 sinergia di idrolato: al posto dell\u2019acqua, per rendere lo <strong>shampoo 100% attivo!<\/strong><\/li>\n<\/ul>\n\n\n\n<div style=\"height:15px\" aria-hidden=\"true\" class=\"wp-block-spacer\"><\/div>\n\n\n\n<p>E in pi\u00f9: qualche goccia di Complexe Aromatique (a base di oli essenziali) per la cura del cuoio capelluto.<\/p>\n\n\n\n<p><\/p>\n<\/div><\/div>\n\n\n\n<div style=\"height:30px\" aria-hidden=\"true\" class=\"wp-block-spacer\"><\/div>\n\n\n\n<h2 class=\"wp-block-heading\">Una gamma davvero su misura!<\/h2>\n\n\n\n<div class=\"wp-block-media-text is-stacked-on-mobile\" style=\"grid-template-columns:30% auto\"><figure class=\"wp-block-media-text__media\"><img loading=\"lazy\" decoding=\"async\" width=\"884\" height=\"1024\" src=\"https:\/\/marcapar.com\/wp-content\/uploads\/2022\/03\/20240909-MARCAPAR-DAY-39738-RC-rec-ok-884x1024.jpg\" alt=\"\" class=\"wp-image-2530 size-full\" srcset=\"https:\/\/marcapar.com\/wp-content\/uploads\/2022\/03\/20240909-MARCAPAR-DAY-39738-RC-rec-ok-884x1024.jpg 884w, https:\/\/marcapar.com\/wp-content\/uploads\/2022\/03\/20240909-MARCAPAR-DAY-39738-RC-rec-ok-259x300.jpg 259w, https:\/\/marcapar.com\/wp-content\/uploads\/2022\/03\/20240909-MARCAPAR-DAY-39738-RC-rec-ok-768x889.jpg 768w, https:\/\/marcapar.com\/wp-content\/uploads\/2022\/03\/20240909-MARCAPAR-DAY-39738-RC-rec-ok-1326x1536.jpg 1326w, https:\/\/marcapar.com\/wp-content\/uploads\/2022\/03\/20240909-MARCAPAR-DAY-39738-RC-rec-ok-1769x2048.jpg 1769w, https:\/\/marcapar.com\/wp-content\/uploads\/2022\/03\/20240909-MARCAPAR-DAY-39738-RC-rec-ok.jpg 2000w\" sizes=\"auto, (max-width: 884px) 100vw, 884px\" \/><\/figure><div class=\"wp-block-media-text__content\">\n<p>Recette \u00e8 poi anche e soprattutto una gamma personalizzabile e in grado di adattarsi a ogni tipo di capello. Grazie a 4 basi lavanti, 4 sinergie di idrolato e 3 complessi diversi, infatti, \u00e8 possibile creare la propria <strong>\u201cricetta\u201d su misura.<\/strong><\/p>\n\n\n\n<p>Propriet\u00e0 lenitive, stimolanti, purificanti, volumizzanti\u2026 a te la scelta!<\/p>\n\n\n\n<div style=\"height:20px\" aria-hidden=\"true\" class=\"wp-block-spacer\"><\/div>\n\n\n\n<div class=\"wp-block-buttons is-layout-flex wp-block-buttons-is-layout-flex\">\n<div class=\"wp-block-button\"><a class=\"wp-block-button__link has-white-color has-black-background-color has-text-color has-background has-link-color wp-element-button\" href=\"https:\/\/marcapar.com\/wp-content\/uploads\/2024\/12\/tableau-recette_page-0001.jpg\" style=\"border-radius:0px\" target=\"_blank\" rel=\"noreferrer noopener\">Scopri la ricetta fatta apposta per te! <\/a><\/div>\n<\/div>\n<\/div><\/div>\n\n\n\n<p><\/p>\n","protected":false},"excerpt":{"rendered":"<p>Hai i capelli appiattiti o grassi o magari ti prude il cuoio capelluto? \u00c8 una cosa del tutto normale; devi solo pulirli! A lungo andare, per\u00f2, non tutti gli shampoo vanno per forza bene per i tuoi capelli\u2026 E tu lo sai di che cosa hanno davvero bisogno?<\/p>\n","protected":false},"author":1,"featured_media":2130,"comment_status":"open","ping_status":"open","sticky":false,"template":"","format":"standard","meta":{"_acf_changed":false,"footnotes":""},"categories":[32],"tags":[],"class_list":["post-4721","post","type-post","status-publish","format-standard","has-post-thumbnail","hentry","category-bellezza-e-salute"],"acf":[],"yoast_head":"<!-- This site is optimized with the Yoast SEO plugin v27.4 - https:\/\/yoast.com\/product\/yoast-seo-wordpress\/ -->\n<title>Shampoo: di che cosa hanno bisogno i tuoi capelli? - MARCAPAR<\/title>\n<meta name=\"description\" content=\"A lungo andare, non tutti gli shampoo vanno per forza bene per i tuoi capelli\u2026 Ma tu lo sai di che cosa hanno davvero bisogno?\" \/>\n<meta name=\"robots\" content=\"index, follow, max-snippet:-1, max-image-preview:large, max-video-preview:-1\" \/>\n<link rel=\"canonical\" href=\"https:\/\/marcapar.com\/it\/conseils-dexperts\/shampoo-di-che-cosa-hanno-bisogno-i-tuoi-capelli\/\" \/>\n<meta property=\"og:locale\" content=\"it_IT\" \/>\n<meta property=\"og:type\" content=\"article\" \/>\n<meta property=\"og:title\" content=\"Shampoo: di che cosa hanno bisogno i tuoi capelli? - MARCAPAR\" \/>\n<meta property=\"og:description\" content=\"A lungo andare, non tutti gli shampoo vanno per forza bene per i tuoi capelli\u2026 Ma tu lo sai di che cosa hanno davvero bisogno?\" \/>\n<meta property=\"og:url\" content=\"https:\/\/marcapar.com\/it\/conseils-dexperts\/shampoo-di-che-cosa-hanno-bisogno-i-tuoi-capelli\/\" \/>\n<meta property=\"og:site_name\" content=\"MARCAPAR\" \/>\n<meta property=\"article:published_time\" content=\"2022-03-16T10:41:11+00:00\" \/>\n<meta property=\"article:modified_time\" content=\"2025-06-30T10:01:24+00:00\" \/>\n<meta property=\"og:image\" content=\"https:\/\/marcapar.com\/wp-content\/uploads\/2025\/01\/20240909-MARCAPAR-DAY-16896-RC-rec.jpg\" \/>\n\t<meta property=\"og:image:width\" content=\"1440\" \/>\n\t<meta property=\"og:image:height\" content=\"830\" \/>\n\t<meta property=\"og:image:type\" content=\"image\/jpeg\" \/>\n<meta name=\"author\" content=\"LesBonsTech\" \/>\n<meta name=\"twitter:card\" content=\"summary_large_image\" \/>\n<meta name=\"twitter:label1\" content=\"Scritto da\" \/>\n\t<meta name=\"twitter:data1\" content=\"LesBonsTech\" \/>\n\t<meta name=\"twitter:label2\" content=\"Tempo di lettura stimato\" \/>\n\t<meta name=\"twitter:data2\" content=\"2 minuti\" \/>\n<script type=\"application\/ld+json\" class=\"yoast-schema-graph\">{\"@context\":\"https:\\\/\\\/schema.org\",\"@graph\":[{\"@type\":\"Article\",\"@id\":\"https:\\\/\\\/marcapar.com\\\/it\\\/conseils-dexperts\\\/shampoo-di-che-cosa-hanno-bisogno-i-tuoi-capelli\\\/#article\",\"isPartOf\":{\"@id\":\"https:\\\/\\\/marcapar.com\\\/it\\\/conseils-dexperts\\\/shampoo-di-che-cosa-hanno-bisogno-i-tuoi-capelli\\\/\"},\"author\":{\"name\":\"LesBonsTech\",\"@id\":\"https:\\\/\\\/marcapar.com\\\/it\\\/#\\\/schema\\\/person\\\/3518238c28d30076f240888f77a3af86\"},\"headline\":\"Shampoo: di che cosa hanno bisogno i tuoi capelli?\",\"datePublished\":\"2022-03-16T10:41:11+00:00\",\"dateModified\":\"2025-06-30T10:01:24+00:00\",\"mainEntityOfPage\":{\"@id\":\"https:\\\/\\\/marcapar.com\\\/it\\\/conseils-dexperts\\\/shampoo-di-che-cosa-hanno-bisogno-i-tuoi-capelli\\\/\"},\"wordCount\":258,\"commentCount\":0,\"publisher\":{\"@id\":\"https:\\\/\\\/marcapar.com\\\/it\\\/#organization\"},\"image\":{\"@id\":\"https:\\\/\\\/marcapar.com\\\/it\\\/conseils-dexperts\\\/shampoo-di-che-cosa-hanno-bisogno-i-tuoi-capelli\\\/#primaryimage\"},\"thumbnailUrl\":\"https:\\\/\\\/marcapar.com\\\/wp-content\\\/uploads\\\/2025\\\/01\\\/20240909-MARCAPAR-DAY-16896-RC-rec.jpg\",\"articleSection\":[\"Bellezza e salute\"],\"inLanguage\":\"it-IT\",\"potentialAction\":[{\"@type\":\"CommentAction\",\"name\":\"Comment\",\"target\":[\"https:\\\/\\\/marcapar.com\\\/it\\\/conseils-dexperts\\\/shampoo-di-che-cosa-hanno-bisogno-i-tuoi-capelli\\\/#respond\"]}]},{\"@type\":\"WebPage\",\"@id\":\"https:\\\/\\\/marcapar.com\\\/it\\\/conseils-dexperts\\\/shampoo-di-che-cosa-hanno-bisogno-i-tuoi-capelli\\\/\",\"url\":\"https:\\\/\\\/marcapar.com\\\/it\\\/conseils-dexperts\\\/shampoo-di-che-cosa-hanno-bisogno-i-tuoi-capelli\\\/\",\"name\":\"Shampoo: di che cosa hanno bisogno i tuoi capelli? - MARCAPAR\",\"isPartOf\":{\"@id\":\"https:\\\/\\\/marcapar.com\\\/it\\\/#website\"},\"primaryImageOfPage\":{\"@id\":\"https:\\\/\\\/marcapar.com\\\/it\\\/conseils-dexperts\\\/shampoo-di-che-cosa-hanno-bisogno-i-tuoi-capelli\\\/#primaryimage\"},\"image\":{\"@id\":\"https:\\\/\\\/marcapar.com\\\/it\\\/conseils-dexperts\\\/shampoo-di-che-cosa-hanno-bisogno-i-tuoi-capelli\\\/#primaryimage\"},\"thumbnailUrl\":\"https:\\\/\\\/marcapar.com\\\/wp-content\\\/uploads\\\/2025\\\/01\\\/20240909-MARCAPAR-DAY-16896-RC-rec.jpg\",\"datePublished\":\"2022-03-16T10:41:11+00:00\",\"dateModified\":\"2025-06-30T10:01:24+00:00\",\"description\":\"A lungo andare, non tutti gli shampoo vanno per forza bene per i tuoi capelli\u2026 Ma tu lo sai di che cosa hanno davvero bisogno?\",\"breadcrumb\":{\"@id\":\"https:\\\/\\\/marcapar.com\\\/it\\\/conseils-dexperts\\\/shampoo-di-che-cosa-hanno-bisogno-i-tuoi-capelli\\\/#breadcrumb\"},\"inLanguage\":\"it-IT\",\"potentialAction\":[{\"@type\":\"ReadAction\",\"target\":[\"https:\\\/\\\/marcapar.com\\\/it\\\/conseils-dexperts\\\/shampoo-di-che-cosa-hanno-bisogno-i-tuoi-capelli\\\/\"]}]},{\"@type\":\"ImageObject\",\"inLanguage\":\"it-IT\",\"@id\":\"https:\\\/\\\/marcapar.com\\\/it\\\/conseils-dexperts\\\/shampoo-di-che-cosa-hanno-bisogno-i-tuoi-capelli\\\/#primaryimage\",\"url\":\"https:\\\/\\\/marcapar.com\\\/wp-content\\\/uploads\\\/2025\\\/01\\\/20240909-MARCAPAR-DAY-16896-RC-rec.jpg\",\"contentUrl\":\"https:\\\/\\\/marcapar.com\\\/wp-content\\\/uploads\\\/2025\\\/01\\\/20240909-MARCAPAR-DAY-16896-RC-rec.jpg\",\"width\":1440,\"height\":830},{\"@type\":\"BreadcrumbList\",\"@id\":\"https:\\\/\\\/marcapar.com\\\/it\\\/conseils-dexperts\\\/shampoo-di-che-cosa-hanno-bisogno-i-tuoi-capelli\\\/#breadcrumb\",\"itemListElement\":[{\"@type\":\"ListItem\",\"position\":1,\"name\":\"Pagina iniziale\",\"item\":\"https:\\\/\\\/marcapar.com\\\/it\\\/\"},{\"@type\":\"ListItem\",\"position\":2,\"name\":\"Bellezza e salute\",\"item\":\"https:\\\/\\\/marcapar.com\\\/it\\\/conseils-dexperts\\\/category\\\/bellezza-e-salute\\\/\"},{\"@type\":\"ListItem\",\"position\":3,\"name\":\"Shampoo: di che cosa hanno bisogno i tuoi capelli?\"}]},{\"@type\":\"WebSite\",\"@id\":\"https:\\\/\\\/marcapar.com\\\/it\\\/#website\",\"url\":\"https:\\\/\\\/marcapar.com\\\/it\\\/\",\"name\":\"MARCAPAR\",\"description\":\"La r\u00e9f\u00e9rence de la coloration v\u00e9g\u00e9tale\",\"publisher\":{\"@id\":\"https:\\\/\\\/marcapar.com\\\/it\\\/#organization\"},\"potentialAction\":[{\"@type\":\"SearchAction\",\"target\":{\"@type\":\"EntryPoint\",\"urlTemplate\":\"https:\\\/\\\/marcapar.com\\\/it\\\/?s={search_term_string}\"},\"query-input\":{\"@type\":\"PropertyValueSpecification\",\"valueRequired\":true,\"valueName\":\"search_term_string\"}}],\"inLanguage\":\"it-IT\"},{\"@type\":\"Organization\",\"@id\":\"https:\\\/\\\/marcapar.com\\\/it\\\/#organization\",\"name\":\"MARCAPAR\",\"url\":\"https:\\\/\\\/marcapar.com\\\/it\\\/\",\"logo\":{\"@type\":\"ImageObject\",\"inLanguage\":\"it-IT\",\"@id\":\"https:\\\/\\\/marcapar.com\\\/it\\\/#\\\/schema\\\/logo\\\/image\\\/\",\"url\":\"https:\\\/\\\/marcapar.com\\\/wp-content\\\/uploads\\\/2024\\\/12\\\/logo.svg\",\"contentUrl\":\"https:\\\/\\\/marcapar.com\\\/wp-content\\\/uploads\\\/2024\\\/12\\\/logo.svg\",\"caption\":\"MARCAPAR\"},\"image\":{\"@id\":\"https:\\\/\\\/marcapar.com\\\/it\\\/#\\\/schema\\\/logo\\\/image\\\/\"}},{\"@type\":\"Person\",\"@id\":\"https:\\\/\\\/marcapar.com\\\/it\\\/#\\\/schema\\\/person\\\/3518238c28d30076f240888f77a3af86\",\"name\":\"LesBonsTech\",\"image\":{\"@type\":\"ImageObject\",\"inLanguage\":\"it-IT\",\"@id\":\"https:\\\/\\\/secure.gravatar.com\\\/avatar\\\/61cf68de3c1e49057f8edd17c00046c142843d5af84415cd3dfa6ac53edf9750?s=96&d=mm&r=g\",\"url\":\"https:\\\/\\\/secure.gravatar.com\\\/avatar\\\/61cf68de3c1e49057f8edd17c00046c142843d5af84415cd3dfa6ac53edf9750?s=96&d=mm&r=g\",\"contentUrl\":\"https:\\\/\\\/secure.gravatar.com\\\/avatar\\\/61cf68de3c1e49057f8edd17c00046c142843d5af84415cd3dfa6ac53edf9750?s=96&d=mm&r=g\",\"caption\":\"LesBonsTech\"},\"sameAs\":[\"https:\\\/\\\/marcapar.com\"],\"url\":\"https:\\\/\\\/marcapar.com\\\/it\\\/conseils-dexperts\\\/author\\\/lesbonstech\\\/\"}]}<\/script>\n<!-- \/ Yoast SEO plugin. -->","yoast_head_json":{"title":"Shampoo: di che cosa hanno bisogno i tuoi capelli? - MARCAPAR","description":"A lungo andare, non tutti gli shampoo vanno per forza bene per i tuoi capelli\u2026 Ma tu lo sai di che cosa hanno davvero bisogno?","robots":{"index":"index","follow":"follow","max-snippet":"max-snippet:-1","max-image-preview":"max-image-preview:large","max-video-preview":"max-video-preview:-1"},"canonical":"https:\/\/marcapar.com\/it\/conseils-dexperts\/shampoo-di-che-cosa-hanno-bisogno-i-tuoi-capelli\/","og_locale":"it_IT","og_type":"article","og_title":"Shampoo: di che cosa hanno bisogno i tuoi capelli? - MARCAPAR","og_description":"A lungo andare, non tutti gli shampoo vanno per forza bene per i tuoi capelli\u2026 Ma tu lo sai di che cosa hanno davvero bisogno?","og_url":"https:\/\/marcapar.com\/it\/conseils-dexperts\/shampoo-di-che-cosa-hanno-bisogno-i-tuoi-capelli\/","og_site_name":"MARCAPAR","article_published_time":"2022-03-16T10:41:11+00:00","article_modified_time":"2025-06-30T10:01:24+00:00","og_image":[{"width":1440,"height":830,"url":"https:\/\/marcapar.com\/wp-content\/uploads\/2025\/01\/20240909-MARCAPAR-DAY-16896-RC-rec.jpg","type":"image\/jpeg"}],"author":"LesBonsTech","twitter_card":"summary_large_image","twitter_misc":{"Scritto da":"LesBonsTech","Tempo di lettura stimato":"2 minuti"},"schema":{"@context":"https:\/\/schema.org","@graph":[{"@type":"Article","@id":"https:\/\/marcapar.com\/it\/conseils-dexperts\/shampoo-di-che-cosa-hanno-bisogno-i-tuoi-capelli\/#article","isPartOf":{"@id":"https:\/\/marcapar.com\/it\/conseils-dexperts\/shampoo-di-che-cosa-hanno-bisogno-i-tuoi-capelli\/"},"author":{"name":"LesBonsTech","@id":"https:\/\/marcapar.com\/it\/#\/schema\/person\/3518238c28d30076f240888f77a3af86"},"headline":"Shampoo: di che cosa hanno bisogno i tuoi capelli?","datePublished":"2022-03-16T10:41:11+00:00","dateModified":"2025-06-30T10:01:24+00:00","mainEntityOfPage":{"@id":"https:\/\/marcapar.com\/it\/conseils-dexperts\/shampoo-di-che-cosa-hanno-bisogno-i-tuoi-capelli\/"},"wordCount":258,"commentCount":0,"publisher":{"@id":"https:\/\/marcapar.com\/it\/#organization"},"image":{"@id":"https:\/\/marcapar.com\/it\/conseils-dexperts\/shampoo-di-che-cosa-hanno-bisogno-i-tuoi-capelli\/#primaryimage"},"thumbnailUrl":"https:\/\/marcapar.com\/wp-content\/uploads\/2025\/01\/20240909-MARCAPAR-DAY-16896-RC-rec.jpg","articleSection":["Bellezza e salute"],"inLanguage":"it-IT","potentialAction":[{"@type":"CommentAction","name":"Comment","target":["https:\/\/marcapar.com\/it\/conseils-dexperts\/shampoo-di-che-cosa-hanno-bisogno-i-tuoi-capelli\/#respond"]}]},{"@type":"WebPage","@id":"https:\/\/marcapar.com\/it\/conseils-dexperts\/shampoo-di-che-cosa-hanno-bisogno-i-tuoi-capelli\/","url":"https:\/\/marcapar.com\/it\/conseils-dexperts\/shampoo-di-che-cosa-hanno-bisogno-i-tuoi-capelli\/","name":"Shampoo: di che cosa hanno bisogno i tuoi capelli? - MARCAPAR","isPartOf":{"@id":"https:\/\/marcapar.com\/it\/#website"},"primaryImageOfPage":{"@id":"https:\/\/marcapar.com\/it\/conseils-dexperts\/shampoo-di-che-cosa-hanno-bisogno-i-tuoi-capelli\/#primaryimage"},"image":{"@id":"https:\/\/marcapar.com\/it\/conseils-dexperts\/shampoo-di-che-cosa-hanno-bisogno-i-tuoi-capelli\/#primaryimage"},"thumbnailUrl":"https:\/\/marcapar.com\/wp-content\/uploads\/2025\/01\/20240909-MARCAPAR-DAY-16896-RC-rec.jpg","datePublished":"2022-03-16T10:41:11+00:00","dateModified":"2025-06-30T10:01:24+00:00","description":"A lungo andare, non tutti gli shampoo vanno per forza bene per i tuoi capelli\u2026 Ma tu lo sai di che cosa hanno davvero bisogno?","breadcrumb":{"@id":"https:\/\/marcapar.com\/it\/conseils-dexperts\/shampoo-di-che-cosa-hanno-bisogno-i-tuoi-capelli\/#breadcrumb"},"inLanguage":"it-IT","potentialAction":[{"@type":"ReadAction","target":["https:\/\/marcapar.com\/it\/conseils-dexperts\/shampoo-di-che-cosa-hanno-bisogno-i-tuoi-capelli\/"]}]},{"@type":"ImageObject","inLanguage":"it-IT","@id":"https:\/\/marcapar.com\/it\/conseils-dexperts\/shampoo-di-che-cosa-hanno-bisogno-i-tuoi-capelli\/#primaryimage","url":"https:\/\/marcapar.com\/wp-content\/uploads\/2025\/01\/20240909-MARCAPAR-DAY-16896-RC-rec.jpg","contentUrl":"https:\/\/marcapar.com\/wp-content\/uploads\/2025\/01\/20240909-MARCAPAR-DAY-16896-RC-rec.jpg","width":1440,"height":830},{"@type":"BreadcrumbList","@id":"https:\/\/marcapar.com\/it\/conseils-dexperts\/shampoo-di-che-cosa-hanno-bisogno-i-tuoi-capelli\/#breadcrumb","itemListElement":[{"@type":"ListItem","position":1,"name":"Pagina iniziale","item":"https:\/\/marcapar.com\/it\/"},{"@type":"ListItem","position":2,"name":"Bellezza e salute","item":"https:\/\/marcapar.com\/it\/conseils-dexperts\/category\/bellezza-e-salute\/"},{"@type":"ListItem","position":3,"name":"Shampoo: di che cosa hanno bisogno i tuoi capelli?"}]},{"@type":"WebSite","@id":"https:\/\/marcapar.com\/it\/#website","url":"https:\/\/marcapar.com\/it\/","name":"MARCAPAR","description":"La r\u00e9f\u00e9rence de la coloration v\u00e9g\u00e9tale","publisher":{"@id":"https:\/\/marcapar.com\/it\/#organization"},"potentialAction":[{"@type":"SearchAction","target":{"@type":"EntryPoint","urlTemplate":"https:\/\/marcapar.com\/it\/?s={search_term_string}"},"query-input":{"@type":"PropertyValueSpecification","valueRequired":true,"valueName":"search_term_string"}}],"inLanguage":"it-IT"},{"@type":"Organization","@id":"https:\/\/marcapar.com\/it\/#organization","name":"MARCAPAR","url":"https:\/\/marcapar.com\/it\/","logo":{"@type":"ImageObject","inLanguage":"it-IT","@id":"https:\/\/marcapar.com\/it\/#\/schema\/logo\/image\/","url":"https:\/\/marcapar.com\/wp-content\/uploads\/2024\/12\/logo.svg","contentUrl":"https:\/\/marcapar.com\/wp-content\/uploads\/2024\/12\/logo.svg","caption":"MARCAPAR"},"image":{"@id":"https:\/\/marcapar.com\/it\/#\/schema\/logo\/image\/"}},{"@type":"Person","@id":"https:\/\/marcapar.com\/it\/#\/schema\/person\/3518238c28d30076f240888f77a3af86","name":"LesBonsTech","image":{"@type":"ImageObject","inLanguage":"it-IT","@id":"https:\/\/secure.gravatar.com\/avatar\/61cf68de3c1e49057f8edd17c00046c142843d5af84415cd3dfa6ac53edf9750?s=96&d=mm&r=g","url":"https:\/\/secure.gravatar.com\/avatar\/61cf68de3c1e49057f8edd17c00046c142843d5af84415cd3dfa6ac53edf9750?s=96&d=mm&r=g","contentUrl":"https:\/\/secure.gravatar.com\/avatar\/61cf68de3c1e49057f8edd17c00046c142843d5af84415cd3dfa6ac53edf9750?s=96&d=mm&r=g","caption":"LesBonsTech"},"sameAs":["https:\/\/marcapar.com"],"url":"https:\/\/marcapar.com\/it\/conseils-dexperts\/author\/lesbonstech\/"}]}},"_links":{"self":[{"href":"https:\/\/marcapar.com\/it\/wp-json\/wp\/v2\/posts\/4721","targetHints":{"allow":["GET"]}}],"collection":[{"href":"https:\/\/marcapar.com\/it\/wp-json\/wp\/v2\/posts"}],"about":[{"href":"https:\/\/marcapar.com\/it\/wp-json\/wp\/v2\/types\/post"}],"author":[{"embeddable":true,"href":"https:\/\/marcapar.com\/it\/wp-json\/wp\/v2\/users\/1"}],"replies":[{"embeddable":true,"href":"https:\/\/marcapar.com\/it\/wp-json\/wp\/v2\/comments?post=4721"}],"version-history":[{"count":2,"href":"https:\/\/marcapar.com\/it\/wp-json\/wp\/v2\/posts\/4721\/revisions"}],"predecessor-version":[{"id":5305,"href":"https:\/\/marcapar.com\/it\/wp-json\/wp\/v2\/posts\/4721\/revisions\/5305"}],"wp:featuredmedia":[{"embeddable":true,"href":"https:\/\/marcapar.com\/it\/wp-json\/wp\/v2\/media\/2130"}],"wp:attachment":[{"href":"https:\/\/marcapar.com\/it\/wp-json\/wp\/v2\/media?parent=4721"}],"wp:term":[{"taxonomy":"category","embeddable":true,"href":"https:\/\/marcapar.com\/it\/wp-json\/wp\/v2\/categories?post=4721"},{"taxonomy":"post_tag","embeddable":true,"href":"https:\/\/marcapar.com\/it\/wp-json\/wp\/v2\/tags?post=4721"}],"curies":[{"name":"wp","href":"https:\/\/api.w.org\/{rel}","templated":true}]}}