{"id":4712,"date":"2025-03-26T16:54:00","date_gmt":"2025-03-26T15:54:00","guid":{"rendered":"https:\/\/marcapar.com\/conseils-dexperts\/la-nostra-hair-care-routine-per-la-primavera\/"},"modified":"2025-08-14T13:50:20","modified_gmt":"2025-08-14T11:50:20","slug":"nostra-hair-care-routine-per-la-primavera","status":"publish","type":"post","link":"https:\/\/marcapar.com\/it\/conseils-dexperts\/nostra-hair-care-routine-per-la-primavera\/","title":{"rendered":"La nostra routine per i capelli in primavera"},"content":{"rendered":"\n<h2 class=\"wp-block-heading\">1- Assainir et stimuler le cuir chevelu pour favoriser la repousse<\/h2>\n\n<p>Avec le\u00a0Complexe aromatique C et le Masque \u00c9quilibre<\/p>\n\n<p>Pendant l\u2019hiver, le cuir chevelu peut accumuler impuret\u00e9s et toxines. Un nettoyage en profondeur est donc essentiel pour purifier le cuir chevelu, stimuler la circulation sanguine et pr\u00e9parer la pousse des nouveaux cheveux. <\/p>\n\n<p>Le printemps marque souvent une chute de cheveux saisonni\u00e8re, un ph\u00e9nom\u00e8ne normal dans le cycle naturel de vie du cheveu. En effet, nos cheveux comme les plantes r\u00e9agissent aux variations climatiques. Le soleil est un puissant stimulant pour la production d\u2019hormones de croissance du cheveu. Or, en hiver, nous en manquons cruellement. C\u2019est ce manque qui, apr\u00e8s quelques mois, peut acc\u00e9l\u00e9rer ou augmenter la chute des cheveux.<\/p>\n\n<p>Ecco perch\u00e9 \u00e8 importante stimolare la crescita di nuovi capelli, proprio come la linfa degli alberi sale in primavera per creare nuove foglie!<\/p>\n\n<p>Pour cela, le Complexe aromatique C est id\u00e9al, gr\u00e2ce \u00e0 la synergie d\u2019huiles v\u00e9g\u00e9tales et d\u2019huiles essentielles connues pour leurs actions sur la microcirculation sanguine. Associez le avec le Masque \u00c9quilibre, v\u00e9ritable soin d\u00e9toxifiant, qui va nettoyer et purifier en profondeur le cuir chevelu. Enrichi en argile blanche, reconnue pour ses propri\u00e9t\u00e9s purifiantes et absorbantes, et en extrait d\u2019\u00e9corce de jujubier, actif reconnu pour son efficacit\u00e9 antipelliculaire et r\u00e9\u00e9quilibrante du microbiote, il permettant de retrouver un cuir chevelu sain. <\/p>\n\n<figure class=\"wp-block-gallery has-nested-images columns-default is-cropped wp-block-gallery-1 is-layout-flex wp-block-gallery-is-layout-flex\">\n<figure class=\"wp-block-image size-large\"><img loading=\"lazy\" decoding=\"async\" width=\"1024\" height=\"933\" data-id=\"2516\" src=\"https:\/\/marcapar.com\/wp-content\/uploads\/2022\/04\/20240909-MARCAPAR-DAY-39210-VOK-1024x933.jpg\" alt=\"\" class=\"wp-image-2516\" srcset=\"https:\/\/marcapar.com\/wp-content\/uploads\/2022\/04\/20240909-MARCAPAR-DAY-39210-VOK-1024x933.jpg 1024w, https:\/\/marcapar.com\/wp-content\/uploads\/2022\/04\/20240909-MARCAPAR-DAY-39210-VOK-300x273.jpg 300w, https:\/\/marcapar.com\/wp-content\/uploads\/2022\/04\/20240909-MARCAPAR-DAY-39210-VOK-768x699.jpg 768w, https:\/\/marcapar.com\/wp-content\/uploads\/2022\/04\/20240909-MARCAPAR-DAY-39210-VOK-1536x1399.jpg 1536w, https:\/\/marcapar.com\/wp-content\/uploads\/2022\/04\/20240909-MARCAPAR-DAY-39210-VOK-2048x1865.jpg 2048w\" sizes=\"auto, (max-width: 1024px) 100vw, 1024px\" \/><\/figure>\n\n\n\n<figure class=\"wp-block-image size-large\"><img loading=\"lazy\" decoding=\"async\" width=\"1024\" height=\"933\" data-id=\"2519\" src=\"https:\/\/marcapar.com\/wp-content\/uploads\/2022\/04\/20240909-MARCAPAR-DAY-39040-VOK-1024x933.jpg\" alt=\"\" class=\"wp-image-2519\" srcset=\"https:\/\/marcapar.com\/wp-content\/uploads\/2022\/04\/20240909-MARCAPAR-DAY-39040-VOK-1024x933.jpg 1024w, https:\/\/marcapar.com\/wp-content\/uploads\/2022\/04\/20240909-MARCAPAR-DAY-39040-VOK-300x273.jpg 300w, https:\/\/marcapar.com\/wp-content\/uploads\/2022\/04\/20240909-MARCAPAR-DAY-39040-VOK-768x699.jpg 768w, https:\/\/marcapar.com\/wp-content\/uploads\/2022\/04\/20240909-MARCAPAR-DAY-39040-VOK-1536x1399.jpg 1536w, https:\/\/marcapar.com\/wp-content\/uploads\/2022\/04\/20240909-MARCAPAR-DAY-39040-VOK-2048x1865.jpg 2048w\" sizes=\"auto, (max-width: 1024px) 100vw, 1024px\" \/><\/figure>\n<\/figure>\n\n<h3 class=\"wp-block-heading\">Come si applicano?<\/h3>\n\n<p>Cure de 3 mois: une fois par semaine le 1er mois, deux fois par mois le 2\u00e8me mois, une fois par mois le 3\u00e8me mois. <\/p>\n\n<p>Appliquez 15 \u00e0 20 gouttes du Complexe C sur l\u2019ensemble du cuir chevelu, masser d\u00e9licatement.  Appliquez ensuite le Masque \u00c9quilibre sur le cuir chevelu, laisser poser 5 min avant rin\u00e7age. Rincer et effectuer votre shampooing (en cas de cuir chevelu gras, nettoyez le cuir chevelu avec le Shampooing \u00c9quilibre) .  <\/p>\n\n<div style=\"height:50px\" aria-hidden=\"true\" class=\"wp-block-spacer\"><\/div>\n\n<h2 class=\"wp-block-heading\">2- Renforcer et nourrir la fibre capillaire<\/h2>\n\n<p>Avec le\u00a0Shampooing Douceur et le Masque aux Algues Marines<\/p>\n\n<p>Au printemps, prenez soin de vos cheveux en renfor\u00e7ant leur fibre capillaire. Le Shampooing Douceur, enrichi en algues marines, est une v\u00e9ritable source de vitamines et d\u2019oligo\u00e9l\u00e9ments, offrant une hydratation profonde \u00e0 la fois pour le cheveu et le cuir chevelu. Compl\u00e9tez cette routine avec le Masque aux Algues Marines, enrichi en prot\u00e9ine de bl\u00e9, v\u00e9ritable k\u00e9ratine v\u00e9g\u00e9tale, renfor\u00e7ant ainsi vos cheveux tout en leur apportant douceur et brillance.<\/p>\n\n<p><\/p>\n\n<figure class=\"wp-block-gallery has-nested-images columns-default is-cropped wp-block-gallery-2 is-layout-flex wp-block-gallery-is-layout-flex\">\n<figure class=\"wp-block-image size-large\"><img loading=\"lazy\" decoding=\"async\" width=\"1024\" height=\"933\" data-id=\"2520\" src=\"https:\/\/marcapar.com\/wp-content\/uploads\/2022\/04\/20240909-MARCAPAR-DAY-39136-VOK-1024x933.jpg\" alt=\"\" class=\"wp-image-2520\" srcset=\"https:\/\/marcapar.com\/wp-content\/uploads\/2022\/04\/20240909-MARCAPAR-DAY-39136-VOK-1024x933.jpg 1024w, https:\/\/marcapar.com\/wp-content\/uploads\/2022\/04\/20240909-MARCAPAR-DAY-39136-VOK-300x273.jpg 300w, https:\/\/marcapar.com\/wp-content\/uploads\/2022\/04\/20240909-MARCAPAR-DAY-39136-VOK-768x699.jpg 768w, https:\/\/marcapar.com\/wp-content\/uploads\/2022\/04\/20240909-MARCAPAR-DAY-39136-VOK-1536x1399.jpg 1536w, https:\/\/marcapar.com\/wp-content\/uploads\/2022\/04\/20240909-MARCAPAR-DAY-39136-VOK-2048x1865.jpg 2048w\" sizes=\"auto, (max-width: 1024px) 100vw, 1024px\" \/><\/figure>\n\n\n\n<figure class=\"wp-block-image size-large\"><img loading=\"lazy\" decoding=\"async\" width=\"1024\" height=\"933\" data-id=\"2521\" src=\"https:\/\/marcapar.com\/wp-content\/uploads\/2022\/04\/20240909-MARCAPAR-DAY-39134-VOK-1024x933.jpg\" alt=\"\" class=\"wp-image-2521\" srcset=\"https:\/\/marcapar.com\/wp-content\/uploads\/2022\/04\/20240909-MARCAPAR-DAY-39134-VOK-1024x933.jpg 1024w, https:\/\/marcapar.com\/wp-content\/uploads\/2022\/04\/20240909-MARCAPAR-DAY-39134-VOK-300x273.jpg 300w, https:\/\/marcapar.com\/wp-content\/uploads\/2022\/04\/20240909-MARCAPAR-DAY-39134-VOK-768x699.jpg 768w, https:\/\/marcapar.com\/wp-content\/uploads\/2022\/04\/20240909-MARCAPAR-DAY-39134-VOK-1536x1399.jpg 1536w, https:\/\/marcapar.com\/wp-content\/uploads\/2022\/04\/20240909-MARCAPAR-DAY-39134-VOK-2048x1865.jpg 2048w\" sizes=\"auto, (max-width: 1024px) 100vw, 1024px\" \/><\/figure>\n<\/figure>\n\n<h3 class=\"wp-block-heading\">Come si applicano?<\/h3>\n\n<p>Applica lo shampoo sui capelli bagnati o asciutti. Molto delicato, puoi usarlo una o pi\u00f9 volte alla settimana. <\/p>\n\n<p>Pour le masque, appliquez le sur cheveux essor\u00e9s de la racine \u00e0 la pointe en malaxant dans le sens des \u00e9cailles. Sur le cuir chevelu, laissez poser quelques minutes puis rincez.<\/p>\n\n<div style=\"height:50px\" aria-hidden=\"true\" class=\"wp-block-spacer\"><\/div>\n\n<h2 class=\"wp-block-heading\">3- Retrouver une chevelure soyeuse et \u00e9clatante<\/h2>\n\n<p>Avec L\u2019\u00c9tonnant\u00a0et la\u00a0Cr\u00e8me coiffante<\/p>\n\n<p>Pour une chevelure soyeuse toute l\u2019ann\u00e9e, n\u2019h\u00e9sitez pas \u00e0 compl\u00e9ter votre routine saisonni\u00e8re avec le soin d\u00e9m\u00ealant sans rin\u00e7age L\u2019\u00c9tonnant. Sa formulation s\u2019appuie sur les propri\u00e9t\u00e9s de la prot\u00e9ine de bl\u00e9\u0301, de l\u2019argan et du vinaigre connus pour rendre les cheveux doux et brillants. <\/p>\n\n<p>Enfin, terminez votre routine avec le soin coiffant MARCAPAR adapt\u00e9 \u00e0 vos besoins; par exemple avec la Cr\u00e8me coiffante, au parfum de miel et \u00e0 la texture onctueuse, qui apporte une fixation souple et hydrate le cheveu sans l&#8217;alourdir.<\/p>\n\n<figure class=\"wp-block-gallery has-nested-images columns-default is-cropped wp-block-gallery-3 is-layout-flex wp-block-gallery-is-layout-flex\">\n<figure class=\"wp-block-image size-large\"><img loading=\"lazy\" decoding=\"async\" width=\"1024\" height=\"933\" data-id=\"2522\" src=\"https:\/\/marcapar.com\/wp-content\/uploads\/2022\/04\/20240909-MARCAPAR-DAY-310033-Vok-1024x933.jpg\" alt=\"\" class=\"wp-image-2522\" srcset=\"https:\/\/marcapar.com\/wp-content\/uploads\/2022\/04\/20240909-MARCAPAR-DAY-310033-Vok-1024x933.jpg 1024w, https:\/\/marcapar.com\/wp-content\/uploads\/2022\/04\/20240909-MARCAPAR-DAY-310033-Vok-300x273.jpg 300w, https:\/\/marcapar.com\/wp-content\/uploads\/2022\/04\/20240909-MARCAPAR-DAY-310033-Vok-768x699.jpg 768w, https:\/\/marcapar.com\/wp-content\/uploads\/2022\/04\/20240909-MARCAPAR-DAY-310033-Vok-1536x1399.jpg 1536w, https:\/\/marcapar.com\/wp-content\/uploads\/2022\/04\/20240909-MARCAPAR-DAY-310033-Vok-2048x1865.jpg 2048w\" sizes=\"auto, (max-width: 1024px) 100vw, 1024px\" \/><\/figure>\n\n\n\n<figure class=\"wp-block-image size-large\"><img loading=\"lazy\" decoding=\"async\" width=\"1024\" height=\"933\" data-id=\"2523\" src=\"https:\/\/marcapar.com\/wp-content\/uploads\/2022\/04\/20240909-MARCAPAR-DAY-310000-VOK-1024x933.jpg\" alt=\"\" class=\"wp-image-2523\" srcset=\"https:\/\/marcapar.com\/wp-content\/uploads\/2022\/04\/20240909-MARCAPAR-DAY-310000-VOK-1024x933.jpg 1024w, https:\/\/marcapar.com\/wp-content\/uploads\/2022\/04\/20240909-MARCAPAR-DAY-310000-VOK-300x273.jpg 300w, https:\/\/marcapar.com\/wp-content\/uploads\/2022\/04\/20240909-MARCAPAR-DAY-310000-VOK-768x699.jpg 768w, https:\/\/marcapar.com\/wp-content\/uploads\/2022\/04\/20240909-MARCAPAR-DAY-310000-VOK-1536x1399.jpg 1536w, https:\/\/marcapar.com\/wp-content\/uploads\/2022\/04\/20240909-MARCAPAR-DAY-310000-VOK-2048x1865.jpg 2048w\" sizes=\"auto, (max-width: 1024px) 100vw, 1024px\" \/><\/figure>\n<\/figure>\n\n<h3 class=\"wp-block-heading\">Comment les appliquer ?<\/h3>\n\n<p><strong>Etonnant :<\/strong> Vaporisez le sur cheveux essor\u00e9s. Pour un d\u00e9m\u00ealage optimal, peignez vos cheveux en commen\u00e7ant par la pointe puis remontez jusqu\u2019\u00e0 la racine. <\/p>\n\n<p><strong>Cr\u00e8me coiffante :<\/strong> Appliquez la sur cheveux humides avant un s\u00e9chage naturel pour les cheveux souples ou avant un brushing pour un lissage de cheveux abim\u00e9s ou fris\u00e9s. Mettre peu de quantit\u00e9 de produit et uniquement sur la longueur.<\/p>\n\n<div style=\"height:50px\" aria-hidden=\"true\" class=\"wp-block-spacer\"><\/div>\n\n<div class=\"wp-block-buttons is-layout-flex wp-block-buttons-is-layout-flex\">\n<div class=\"wp-block-button\"><a class=\"wp-block-button__link has-white-color has-black-background-color has-text-color has-background has-link-color wp-element-button\" href=\"https:\/\/marcapar.com\/it\/dove-diamo\/\" style=\"border-radius:0px\" target=\"_blank\" rel=\"noreferrer noopener\">Scopri i nostri prodotti alle fiere dei partner MARCAPAR!  <\/a><\/div>\n<\/div>\n","protected":false},"excerpt":{"rendered":"<p>Tra freddo, umidit\u00e0, cappelli e sciarpe&#8230; alla fine dell&#8217;inverno i tuoi capelli sono spesso spenti e indeboliti. Ecco quindi i nostri consigli su come dare ai tuoi capelli una sferzata di tono e vitalit\u00e0 all&#8217;arrivo della primavera. <\/p>\n","protected":false},"author":1,"featured_media":2235,"comment_status":"open","ping_status":"open","sticky":false,"template":"","format":"standard","meta":{"_acf_changed":false,"footnotes":""},"categories":[32],"tags":[],"class_list":["post-4712","post","type-post","status-publish","format-standard","has-post-thumbnail","hentry","category-bellezza-e-salute"],"acf":[],"yoast_head":"<!-- This site is optimized with the Yoast SEO plugin v27.4 - https:\/\/yoast.com\/product\/yoast-seo-wordpress\/ -->\n<title>La nostra routine per i capelli in primavera - MARCAPAR<\/title>\n<meta name=\"description\" content=\"Per ridare tono e vitalit\u00e0 ai tuoi capelli con l&#039;arrivo della primavera, scopri la routine MARCAPAR.\" \/>\n<meta name=\"robots\" content=\"index, follow, max-snippet:-1, max-image-preview:large, max-video-preview:-1\" \/>\n<link rel=\"canonical\" href=\"https:\/\/marcapar.com\/it\/conseils-dexperts\/nostra-hair-care-routine-per-la-primavera\/\" \/>\n<meta property=\"og:locale\" content=\"it_IT\" \/>\n<meta property=\"og:type\" content=\"article\" \/>\n<meta property=\"og:title\" content=\"La nostra routine per i capelli in primavera - MARCAPAR\" \/>\n<meta property=\"og:description\" content=\"Per ridare tono e vitalit\u00e0 ai tuoi capelli con l&#039;arrivo della primavera, scopri la routine MARCAPAR.\" \/>\n<meta property=\"og:url\" content=\"https:\/\/marcapar.com\/it\/conseils-dexperts\/nostra-hair-care-routine-per-la-primavera\/\" \/>\n<meta property=\"og:site_name\" content=\"MARCAPAR\" \/>\n<meta property=\"article:published_time\" content=\"2025-03-26T15:54:00+00:00\" \/>\n<meta property=\"article:modified_time\" content=\"2025-08-14T11:50:20+00:00\" \/>\n<meta property=\"og:image\" content=\"https:\/\/marcapar.com\/wp-content\/uploads\/2025\/01\/03-20240909-MARCAPAR-DAY-16739-rec-1024x768.jpg\" \/>\n\t<meta property=\"og:image:width\" content=\"1024\" \/>\n\t<meta property=\"og:image:height\" content=\"768\" \/>\n\t<meta property=\"og:image:type\" content=\"image\/jpeg\" \/>\n<meta name=\"author\" content=\"LesBonsTech\" \/>\n<meta name=\"twitter:card\" content=\"summary_large_image\" \/>\n<meta name=\"twitter:label1\" content=\"Scritto da\" \/>\n\t<meta name=\"twitter:data1\" content=\"LesBonsTech\" \/>\n\t<meta name=\"twitter:label2\" content=\"Tempo di lettura stimato\" \/>\n\t<meta name=\"twitter:data2\" content=\"5 minuti\" \/>\n<script type=\"application\/ld+json\" class=\"yoast-schema-graph\">{\"@context\":\"https:\\\/\\\/schema.org\",\"@graph\":[{\"@type\":\"Article\",\"@id\":\"https:\\\/\\\/marcapar.com\\\/it\\\/conseils-dexperts\\\/nostra-hair-care-routine-per-la-primavera\\\/#article\",\"isPartOf\":{\"@id\":\"https:\\\/\\\/marcapar.com\\\/it\\\/conseils-dexperts\\\/nostra-hair-care-routine-per-la-primavera\\\/\"},\"author\":{\"name\":\"LesBonsTech\",\"@id\":\"https:\\\/\\\/marcapar.com\\\/it\\\/#\\\/schema\\\/person\\\/3518238c28d30076f240888f77a3af86\"},\"headline\":\"La nostra routine per i capelli in primavera\",\"datePublished\":\"2025-03-26T15:54:00+00:00\",\"dateModified\":\"2025-08-14T11:50:20+00:00\",\"mainEntityOfPage\":{\"@id\":\"https:\\\/\\\/marcapar.com\\\/it\\\/conseils-dexperts\\\/nostra-hair-care-routine-per-la-primavera\\\/\"},\"wordCount\":669,\"commentCount\":0,\"publisher\":{\"@id\":\"https:\\\/\\\/marcapar.com\\\/it\\\/#organization\"},\"image\":{\"@id\":\"https:\\\/\\\/marcapar.com\\\/it\\\/conseils-dexperts\\\/nostra-hair-care-routine-per-la-primavera\\\/#primaryimage\"},\"thumbnailUrl\":\"https:\\\/\\\/marcapar.com\\\/wp-content\\\/uploads\\\/2025\\\/01\\\/03-20240909-MARCAPAR-DAY-16739-rec.jpg\",\"articleSection\":[\"Bellezza e salute\"],\"inLanguage\":\"it-IT\",\"potentialAction\":[{\"@type\":\"CommentAction\",\"name\":\"Comment\",\"target\":[\"https:\\\/\\\/marcapar.com\\\/it\\\/conseils-dexperts\\\/nostra-hair-care-routine-per-la-primavera\\\/#respond\"]}]},{\"@type\":\"WebPage\",\"@id\":\"https:\\\/\\\/marcapar.com\\\/it\\\/conseils-dexperts\\\/nostra-hair-care-routine-per-la-primavera\\\/\",\"url\":\"https:\\\/\\\/marcapar.com\\\/it\\\/conseils-dexperts\\\/nostra-hair-care-routine-per-la-primavera\\\/\",\"name\":\"La nostra routine per i capelli in primavera - MARCAPAR\",\"isPartOf\":{\"@id\":\"https:\\\/\\\/marcapar.com\\\/it\\\/#website\"},\"primaryImageOfPage\":{\"@id\":\"https:\\\/\\\/marcapar.com\\\/it\\\/conseils-dexperts\\\/nostra-hair-care-routine-per-la-primavera\\\/#primaryimage\"},\"image\":{\"@id\":\"https:\\\/\\\/marcapar.com\\\/it\\\/conseils-dexperts\\\/nostra-hair-care-routine-per-la-primavera\\\/#primaryimage\"},\"thumbnailUrl\":\"https:\\\/\\\/marcapar.com\\\/wp-content\\\/uploads\\\/2025\\\/01\\\/03-20240909-MARCAPAR-DAY-16739-rec.jpg\",\"datePublished\":\"2025-03-26T15:54:00+00:00\",\"dateModified\":\"2025-08-14T11:50:20+00:00\",\"description\":\"Per ridare tono e vitalit\u00e0 ai tuoi capelli con l'arrivo della primavera, scopri la routine MARCAPAR.\",\"breadcrumb\":{\"@id\":\"https:\\\/\\\/marcapar.com\\\/it\\\/conseils-dexperts\\\/nostra-hair-care-routine-per-la-primavera\\\/#breadcrumb\"},\"inLanguage\":\"it-IT\",\"potentialAction\":[{\"@type\":\"ReadAction\",\"target\":[\"https:\\\/\\\/marcapar.com\\\/it\\\/conseils-dexperts\\\/nostra-hair-care-routine-per-la-primavera\\\/\"]}]},{\"@type\":\"ImageObject\",\"inLanguage\":\"it-IT\",\"@id\":\"https:\\\/\\\/marcapar.com\\\/it\\\/conseils-dexperts\\\/nostra-hair-care-routine-per-la-primavera\\\/#primaryimage\",\"url\":\"https:\\\/\\\/marcapar.com\\\/wp-content\\\/uploads\\\/2025\\\/01\\\/03-20240909-MARCAPAR-DAY-16739-rec.jpg\",\"contentUrl\":\"https:\\\/\\\/marcapar.com\\\/wp-content\\\/uploads\\\/2025\\\/01\\\/03-20240909-MARCAPAR-DAY-16739-rec.jpg\",\"width\":2048,\"height\":1536},{\"@type\":\"BreadcrumbList\",\"@id\":\"https:\\\/\\\/marcapar.com\\\/it\\\/conseils-dexperts\\\/nostra-hair-care-routine-per-la-primavera\\\/#breadcrumb\",\"itemListElement\":[{\"@type\":\"ListItem\",\"position\":1,\"name\":\"Pagina iniziale\",\"item\":\"https:\\\/\\\/marcapar.com\\\/it\\\/\"},{\"@type\":\"ListItem\",\"position\":2,\"name\":\"Bellezza e salute\",\"item\":\"https:\\\/\\\/marcapar.com\\\/it\\\/conseils-dexperts\\\/category\\\/bellezza-e-salute\\\/\"},{\"@type\":\"ListItem\",\"position\":3,\"name\":\"La nostra routine per i capelli in primavera\"}]},{\"@type\":\"WebSite\",\"@id\":\"https:\\\/\\\/marcapar.com\\\/it\\\/#website\",\"url\":\"https:\\\/\\\/marcapar.com\\\/it\\\/\",\"name\":\"MARCAPAR\",\"description\":\"La r\u00e9f\u00e9rence de la coloration v\u00e9g\u00e9tale\",\"publisher\":{\"@id\":\"https:\\\/\\\/marcapar.com\\\/it\\\/#organization\"},\"potentialAction\":[{\"@type\":\"SearchAction\",\"target\":{\"@type\":\"EntryPoint\",\"urlTemplate\":\"https:\\\/\\\/marcapar.com\\\/it\\\/?s={search_term_string}\"},\"query-input\":{\"@type\":\"PropertyValueSpecification\",\"valueRequired\":true,\"valueName\":\"search_term_string\"}}],\"inLanguage\":\"it-IT\"},{\"@type\":\"Organization\",\"@id\":\"https:\\\/\\\/marcapar.com\\\/it\\\/#organization\",\"name\":\"MARCAPAR\",\"url\":\"https:\\\/\\\/marcapar.com\\\/it\\\/\",\"logo\":{\"@type\":\"ImageObject\",\"inLanguage\":\"it-IT\",\"@id\":\"https:\\\/\\\/marcapar.com\\\/it\\\/#\\\/schema\\\/logo\\\/image\\\/\",\"url\":\"https:\\\/\\\/marcapar.com\\\/wp-content\\\/uploads\\\/2024\\\/12\\\/logo.svg\",\"contentUrl\":\"https:\\\/\\\/marcapar.com\\\/wp-content\\\/uploads\\\/2024\\\/12\\\/logo.svg\",\"caption\":\"MARCAPAR\"},\"image\":{\"@id\":\"https:\\\/\\\/marcapar.com\\\/it\\\/#\\\/schema\\\/logo\\\/image\\\/\"}},{\"@type\":\"Person\",\"@id\":\"https:\\\/\\\/marcapar.com\\\/it\\\/#\\\/schema\\\/person\\\/3518238c28d30076f240888f77a3af86\",\"name\":\"LesBonsTech\",\"image\":{\"@type\":\"ImageObject\",\"inLanguage\":\"it-IT\",\"@id\":\"https:\\\/\\\/secure.gravatar.com\\\/avatar\\\/61cf68de3c1e49057f8edd17c00046c142843d5af84415cd3dfa6ac53edf9750?s=96&d=mm&r=g\",\"url\":\"https:\\\/\\\/secure.gravatar.com\\\/avatar\\\/61cf68de3c1e49057f8edd17c00046c142843d5af84415cd3dfa6ac53edf9750?s=96&d=mm&r=g\",\"contentUrl\":\"https:\\\/\\\/secure.gravatar.com\\\/avatar\\\/61cf68de3c1e49057f8edd17c00046c142843d5af84415cd3dfa6ac53edf9750?s=96&d=mm&r=g\",\"caption\":\"LesBonsTech\"},\"sameAs\":[\"https:\\\/\\\/marcapar.com\"],\"url\":\"https:\\\/\\\/marcapar.com\\\/it\\\/conseils-dexperts\\\/author\\\/lesbonstech\\\/\"}]}<\/script>\n<!-- \/ Yoast SEO plugin. -->","yoast_head_json":{"title":"La nostra routine per i capelli in primavera - MARCAPAR","description":"Per ridare tono e vitalit\u00e0 ai tuoi capelli con l'arrivo della primavera, scopri la routine MARCAPAR.","robots":{"index":"index","follow":"follow","max-snippet":"max-snippet:-1","max-image-preview":"max-image-preview:large","max-video-preview":"max-video-preview:-1"},"canonical":"https:\/\/marcapar.com\/it\/conseils-dexperts\/nostra-hair-care-routine-per-la-primavera\/","og_locale":"it_IT","og_type":"article","og_title":"La nostra routine per i capelli in primavera - MARCAPAR","og_description":"Per ridare tono e vitalit\u00e0 ai tuoi capelli con l'arrivo della primavera, scopri la routine MARCAPAR.","og_url":"https:\/\/marcapar.com\/it\/conseils-dexperts\/nostra-hair-care-routine-per-la-primavera\/","og_site_name":"MARCAPAR","article_published_time":"2025-03-26T15:54:00+00:00","article_modified_time":"2025-08-14T11:50:20+00:00","og_image":[{"width":1024,"height":768,"url":"https:\/\/marcapar.com\/wp-content\/uploads\/2025\/01\/03-20240909-MARCAPAR-DAY-16739-rec-1024x768.jpg","type":"image\/jpeg"}],"author":"LesBonsTech","twitter_card":"summary_large_image","twitter_misc":{"Scritto da":"LesBonsTech","Tempo di lettura stimato":"5 minuti"},"schema":{"@context":"https:\/\/schema.org","@graph":[{"@type":"Article","@id":"https:\/\/marcapar.com\/it\/conseils-dexperts\/nostra-hair-care-routine-per-la-primavera\/#article","isPartOf":{"@id":"https:\/\/marcapar.com\/it\/conseils-dexperts\/nostra-hair-care-routine-per-la-primavera\/"},"author":{"name":"LesBonsTech","@id":"https:\/\/marcapar.com\/it\/#\/schema\/person\/3518238c28d30076f240888f77a3af86"},"headline":"La nostra routine per i capelli in primavera","datePublished":"2025-03-26T15:54:00+00:00","dateModified":"2025-08-14T11:50:20+00:00","mainEntityOfPage":{"@id":"https:\/\/marcapar.com\/it\/conseils-dexperts\/nostra-hair-care-routine-per-la-primavera\/"},"wordCount":669,"commentCount":0,"publisher":{"@id":"https:\/\/marcapar.com\/it\/#organization"},"image":{"@id":"https:\/\/marcapar.com\/it\/conseils-dexperts\/nostra-hair-care-routine-per-la-primavera\/#primaryimage"},"thumbnailUrl":"https:\/\/marcapar.com\/wp-content\/uploads\/2025\/01\/03-20240909-MARCAPAR-DAY-16739-rec.jpg","articleSection":["Bellezza e salute"],"inLanguage":"it-IT","potentialAction":[{"@type":"CommentAction","name":"Comment","target":["https:\/\/marcapar.com\/it\/conseils-dexperts\/nostra-hair-care-routine-per-la-primavera\/#respond"]}]},{"@type":"WebPage","@id":"https:\/\/marcapar.com\/it\/conseils-dexperts\/nostra-hair-care-routine-per-la-primavera\/","url":"https:\/\/marcapar.com\/it\/conseils-dexperts\/nostra-hair-care-routine-per-la-primavera\/","name":"La nostra routine per i capelli in primavera - MARCAPAR","isPartOf":{"@id":"https:\/\/marcapar.com\/it\/#website"},"primaryImageOfPage":{"@id":"https:\/\/marcapar.com\/it\/conseils-dexperts\/nostra-hair-care-routine-per-la-primavera\/#primaryimage"},"image":{"@id":"https:\/\/marcapar.com\/it\/conseils-dexperts\/nostra-hair-care-routine-per-la-primavera\/#primaryimage"},"thumbnailUrl":"https:\/\/marcapar.com\/wp-content\/uploads\/2025\/01\/03-20240909-MARCAPAR-DAY-16739-rec.jpg","datePublished":"2025-03-26T15:54:00+00:00","dateModified":"2025-08-14T11:50:20+00:00","description":"Per ridare tono e vitalit\u00e0 ai tuoi capelli con l'arrivo della primavera, scopri la routine MARCAPAR.","breadcrumb":{"@id":"https:\/\/marcapar.com\/it\/conseils-dexperts\/nostra-hair-care-routine-per-la-primavera\/#breadcrumb"},"inLanguage":"it-IT","potentialAction":[{"@type":"ReadAction","target":["https:\/\/marcapar.com\/it\/conseils-dexperts\/nostra-hair-care-routine-per-la-primavera\/"]}]},{"@type":"ImageObject","inLanguage":"it-IT","@id":"https:\/\/marcapar.com\/it\/conseils-dexperts\/nostra-hair-care-routine-per-la-primavera\/#primaryimage","url":"https:\/\/marcapar.com\/wp-content\/uploads\/2025\/01\/03-20240909-MARCAPAR-DAY-16739-rec.jpg","contentUrl":"https:\/\/marcapar.com\/wp-content\/uploads\/2025\/01\/03-20240909-MARCAPAR-DAY-16739-rec.jpg","width":2048,"height":1536},{"@type":"BreadcrumbList","@id":"https:\/\/marcapar.com\/it\/conseils-dexperts\/nostra-hair-care-routine-per-la-primavera\/#breadcrumb","itemListElement":[{"@type":"ListItem","position":1,"name":"Pagina iniziale","item":"https:\/\/marcapar.com\/it\/"},{"@type":"ListItem","position":2,"name":"Bellezza e salute","item":"https:\/\/marcapar.com\/it\/conseils-dexperts\/category\/bellezza-e-salute\/"},{"@type":"ListItem","position":3,"name":"La nostra routine per i capelli in primavera"}]},{"@type":"WebSite","@id":"https:\/\/marcapar.com\/it\/#website","url":"https:\/\/marcapar.com\/it\/","name":"MARCAPAR","description":"La r\u00e9f\u00e9rence de la coloration v\u00e9g\u00e9tale","publisher":{"@id":"https:\/\/marcapar.com\/it\/#organization"},"potentialAction":[{"@type":"SearchAction","target":{"@type":"EntryPoint","urlTemplate":"https:\/\/marcapar.com\/it\/?s={search_term_string}"},"query-input":{"@type":"PropertyValueSpecification","valueRequired":true,"valueName":"search_term_string"}}],"inLanguage":"it-IT"},{"@type":"Organization","@id":"https:\/\/marcapar.com\/it\/#organization","name":"MARCAPAR","url":"https:\/\/marcapar.com\/it\/","logo":{"@type":"ImageObject","inLanguage":"it-IT","@id":"https:\/\/marcapar.com\/it\/#\/schema\/logo\/image\/","url":"https:\/\/marcapar.com\/wp-content\/uploads\/2024\/12\/logo.svg","contentUrl":"https:\/\/marcapar.com\/wp-content\/uploads\/2024\/12\/logo.svg","caption":"MARCAPAR"},"image":{"@id":"https:\/\/marcapar.com\/it\/#\/schema\/logo\/image\/"}},{"@type":"Person","@id":"https:\/\/marcapar.com\/it\/#\/schema\/person\/3518238c28d30076f240888f77a3af86","name":"LesBonsTech","image":{"@type":"ImageObject","inLanguage":"it-IT","@id":"https:\/\/secure.gravatar.com\/avatar\/61cf68de3c1e49057f8edd17c00046c142843d5af84415cd3dfa6ac53edf9750?s=96&d=mm&r=g","url":"https:\/\/secure.gravatar.com\/avatar\/61cf68de3c1e49057f8edd17c00046c142843d5af84415cd3dfa6ac53edf9750?s=96&d=mm&r=g","contentUrl":"https:\/\/secure.gravatar.com\/avatar\/61cf68de3c1e49057f8edd17c00046c142843d5af84415cd3dfa6ac53edf9750?s=96&d=mm&r=g","caption":"LesBonsTech"},"sameAs":["https:\/\/marcapar.com"],"url":"https:\/\/marcapar.com\/it\/conseils-dexperts\/author\/lesbonstech\/"}]}},"_links":{"self":[{"href":"https:\/\/marcapar.com\/it\/wp-json\/wp\/v2\/posts\/4712","targetHints":{"allow":["GET"]}}],"collection":[{"href":"https:\/\/marcapar.com\/it\/wp-json\/wp\/v2\/posts"}],"about":[{"href":"https:\/\/marcapar.com\/it\/wp-json\/wp\/v2\/types\/post"}],"author":[{"embeddable":true,"href":"https:\/\/marcapar.com\/it\/wp-json\/wp\/v2\/users\/1"}],"replies":[{"embeddable":true,"href":"https:\/\/marcapar.com\/it\/wp-json\/wp\/v2\/comments?post=4712"}],"version-history":[{"count":12,"href":"https:\/\/marcapar.com\/it\/wp-json\/wp\/v2\/posts\/4712\/revisions"}],"predecessor-version":[{"id":5849,"href":"https:\/\/marcapar.com\/it\/wp-json\/wp\/v2\/posts\/4712\/revisions\/5849"}],"wp:featuredmedia":[{"embeddable":true,"href":"https:\/\/marcapar.com\/it\/wp-json\/wp\/v2\/media\/2235"}],"wp:attachment":[{"href":"https:\/\/marcapar.com\/it\/wp-json\/wp\/v2\/media?parent=4712"}],"wp:term":[{"taxonomy":"category","embeddable":true,"href":"https:\/\/marcapar.com\/it\/wp-json\/wp\/v2\/categories?post=4712"},{"taxonomy":"post_tag","embeddable":true,"href":"https:\/\/marcapar.com\/it\/wp-json\/wp\/v2\/tags?post=4712"}],"curies":[{"name":"wp","href":"https:\/\/api.w.org\/{rel}","templated":true}]}}