{"id":3447,"date":"2025-02-17T13:55:56","date_gmt":"2025-02-17T12:55:56","guid":{"rendered":"https:\/\/marcapar.com\/conseils-dexperts\/prendre-soin-de-ses-cheveux-en-hiver\/"},"modified":"2025-06-10T13:49:35","modified_gmt":"2025-06-10T11:49:35","slug":"come-prendersi-cura-dei-capelli-in-inverno","status":"publish","type":"post","link":"https:\/\/marcapar.com\/it\/conseils-dexperts\/come-prendersi-cura-dei-capelli-in-inverno\/","title":{"rendered":"Come prendersi cura dei capelli in inverno\u00a0"},"content":{"rendered":"\n<h3 class=\"wp-block-heading\"><strong><strong>Le buone abitudini da seguire<\/strong><\/strong><\/h3>\n\n\n\n<p><\/p>\n\n\n\n<p><\/p>\n\n\n\n<p><strong><strong>Massaggiare il cuoio capelluto per stimolare la circolazione<\/strong><\/strong><\/p>\n\n\n\n<p>Un corretto massaggio del cuoio capelluto favorisce la circolazione sanguigna e stimola la crescita dei capelli. In questo caso il complesso stimolante agli oli essenziali e vegetali <a href=\"https:\/\/marcapar.com\/fr\/produit\/complexe-aromatique-c\/\">(Complexe Aromatique C)<\/a> \u00e8 l\u2019ideale. Prenditi ogni giorno qualche minuto di tempo per massaggiare delicatamente il cuoio capelluto con le dita o usando una spazzola con setole naturali.<\/p>\n\n\n\n<p><\/p>\n\n\n\n<div class=\"wp-block-media-text is-stacked-on-mobile\" style=\"grid-template-columns:32% auto\"><figure class=\"wp-block-media-text__media\"><img loading=\"lazy\" decoding=\"async\" width=\"933\" height=\"1024\" src=\"https:\/\/marcapar.com\/wp-content\/uploads\/2025\/02\/Boucle-Masque-400ml-Ambiance-V2-933x1024.jpg\" alt=\"\" class=\"wp-image-3247 size-full\" srcset=\"https:\/\/marcapar.com\/wp-content\/uploads\/2025\/02\/Boucle-Masque-400ml-Ambiance-V2-933x1024.jpg 933w, https:\/\/marcapar.com\/wp-content\/uploads\/2025\/02\/Boucle-Masque-400ml-Ambiance-V2-273x300.jpg 273w, https:\/\/marcapar.com\/wp-content\/uploads\/2025\/02\/Boucle-Masque-400ml-Ambiance-V2-768x843.jpg 768w, https:\/\/marcapar.com\/wp-content\/uploads\/2025\/02\/Boucle-Masque-400ml-Ambiance-V2-1399x1536.jpg 1399w, https:\/\/marcapar.com\/wp-content\/uploads\/2025\/02\/Boucle-Masque-400ml-Ambiance-V2-1865x2048.jpg 1865w\" sizes=\"auto, (max-width: 933px) 100vw, 933px\" \/><\/figure><div class=\"wp-block-media-text__content\">\n<p><\/p>\n\n\n\n<p><strong>Idratare e nutrire<\/strong><\/p>\n\n\n\n<p>Il freddo tende a seccare il capello, rendendolo pi\u00f9 fragile. Per questo \u00e8 fondamentale integrare nella propria hair care routine dei trattamenti idratanti e nutrienti. Opta per delle maschere ricche di principi attivi naturali come il burro di karit\u00e9 <a href=\"https:\/\/marcapar.com\/fr\/produit\/masque-nutrition\/\">(Masque Nutrition)<\/a> o l\u2019olio di argan <a href=\"https:\/\/marcapar.com\/fr\/produit\/masque-remarkable\/\">(Masque RemarKable)<\/a>, che donano ai capelli nutrimento e morbidezza.<\/p>\n\n\n\n<p><\/p>\n<\/div><\/div>\n\n\n\n<p><\/p>\n\n\n\n<p><strong>Non uscire con i capelli bagnati<\/strong><\/p>\n\n\n\n<p>Non bisogna mai uscire fuori con i capelli bagnati e ancor meno in inverno! A causa del freddo, infatti, la&nbsp;<strong>fibra capillare<\/strong>&nbsp;del capello si gonfia e pu\u00f2 spezzarsi. Perci\u00f2 cerca di uscire sempre e solo con i capelli perfettamente asciutti. Asciuga i capelli prima con un asciugamano in microfibra per poi finire con l\u2019asciugacapelli con getto tiepido.<\/p>\n\n\n\n<p><\/p>\n\n\n\n<div class=\"wp-block-media-text is-stacked-on-mobile\" style=\"grid-template-columns:32% auto\"><figure class=\"wp-block-media-text__media\"><img loading=\"lazy\" decoding=\"async\" width=\"768\" height=\"1024\" src=\"https:\/\/marcapar.com\/wp-content\/uploads\/2025\/02\/20240909-MARCAPAR-DAY-39136-72dpi-768x1024.jpg\" alt=\"MARCAPAR SHAMPOOING DOUCEUR\" class=\"wp-image-3249 size-full\" srcset=\"https:\/\/marcapar.com\/wp-content\/uploads\/2025\/02\/20240909-MARCAPAR-DAY-39136-72dpi-768x1024.jpg 768w, https:\/\/marcapar.com\/wp-content\/uploads\/2025\/02\/20240909-MARCAPAR-DAY-39136-72dpi-225x300.jpg 225w, https:\/\/marcapar.com\/wp-content\/uploads\/2025\/02\/20240909-MARCAPAR-DAY-39136-72dpi-1152x1536.jpg 1152w, https:\/\/marcapar.com\/wp-content\/uploads\/2025\/02\/20240909-MARCAPAR-DAY-39136-72dpi.jpg 1486w\" sizes=\"auto, (max-width: 768px) 100vw, 768px\" \/><\/figure><div class=\"wp-block-media-text__content\">\n<p><strong>Evita di lavare i capelli con acqua troppo calda<\/strong><\/p>\n\n\n\n<p class=\"has-text-align-left\">Quando le temperature scendono, tendiamo a fare docce pi\u00f9 calde, ma questo non piace al cuoio capelluto\u2026 In effetti una temperatura pi\u00f9 alta dell\u2019acqua causa un aumento della produzione di sebo, il che fa sembrare i capelli sporchi e porta a aumentarne la frequenza di lavaggio.<\/p>\n\n\n\n<p>Perci\u00f2 meglio scegliere uno shampoo con base lavante delicata, senza solfati e siliconi, che rispetti l\u2019equilibrio del cuoio capelluto <a href=\"https:\/\/marcapar.com\/fr\/produit\/shampooing-douceur\/\">(Shampooing Douceur)<\/a>.<\/p>\n\n\n\n<p><\/p>\n<\/div><\/div>\n\n\n\n<p><\/p>\n\n\n\n<p><strong>Punta sulla colorazione vegetale<\/strong><\/p>\n\n\n\n<p>La colorazione vegetale \u00e8 ideale per rafforzare e proteggere i capelli in inverno. Le piante, infatti, inguainano la fibra capillare, creando una barriera protettiva naturale.<\/p>\n\n\n\n<p>Facendo proprie queste semplici abitudini, i capelli saranno in perfetta salute per tutto l\u2019inverno e rimarranno morbidi, brillanti e resistenti alle aggressioni esterne. Prenditene cura e ti ringrazieranno!<\/p>\n\n\n\n<p><\/p>\n","protected":false},"excerpt":{"rendered":"<p>L\u2019inverno \u00e8 una stagione difficile per i capelli. Il freddo, il vento, l\u2019umidit\u00e0 e gli sbalzi di temperatura tra l\u2019interno riscaldato e l\u2019esterno glaciale mettono a dura prova la fibra capillare. Il risultato \u00e8 che i capelli diventano secchi, si spezzano, sono opachi e accumulano elettricit\u00e0. Ecco qualche consiglio da seguire sin da subito per mantenerli in buona salute e conservarne tutta la brillantezza!<\/p>\n","protected":false},"author":3,"featured_media":3441,"comment_status":"open","ping_status":"open","sticky":false,"template":"","format":"standard","meta":{"_acf_changed":false,"footnotes":""},"categories":[32],"tags":[],"class_list":["post-3447","post","type-post","status-publish","format-standard","has-post-thumbnail","hentry","category-bellezza-e-salute"],"acf":[],"yoast_head":"<!-- This site is optimized with the Yoast SEO plugin v27.4 - https:\/\/yoast.com\/product\/yoast-seo-wordpress\/ -->\n<title>Come prendersi cura dei capelli in inverno\u00a0 - MARCAPAR<\/title>\n<meta name=\"description\" content=\"L\u2019inverno \u00e8 una stagione difficile per i capelli. Ecco qualche consiglio da seguire sin da subito per mantenerli in buona salute e conservarne tutta la brillantezza!\" \/>\n<meta name=\"robots\" content=\"index, follow, max-snippet:-1, max-image-preview:large, max-video-preview:-1\" \/>\n<link rel=\"canonical\" href=\"https:\/\/marcapar.com\/it\/conseils-dexperts\/come-prendersi-cura-dei-capelli-in-inverno\/\" \/>\n<meta property=\"og:locale\" content=\"it_IT\" \/>\n<meta property=\"og:type\" content=\"article\" \/>\n<meta property=\"og:title\" content=\"Come prendersi cura dei capelli in inverno\u00a0 - MARCAPAR\" \/>\n<meta property=\"og:description\" content=\"L\u2019inverno \u00e8 una stagione difficile per i capelli. Ecco qualche consiglio da seguire sin da subito per mantenerli in buona salute e conservarne tutta la brillantezza!\" \/>\n<meta property=\"og:url\" content=\"https:\/\/marcapar.com\/it\/conseils-dexperts\/come-prendersi-cura-dei-capelli-in-inverno\/\" \/>\n<meta property=\"og:site_name\" content=\"MARCAPAR\" \/>\n<meta property=\"article:published_time\" content=\"2025-02-17T12:55:56+00:00\" \/>\n<meta property=\"article:modified_time\" content=\"2025-06-10T11:49:35+00:00\" \/>\n<meta property=\"og:image\" content=\"https:\/\/marcapar.com\/wp-content\/uploads\/2025\/02\/20240909-MARCAPAR-DAY-16539-72dpi-768x1024.jpg\" \/>\n\t<meta property=\"og:image:width\" content=\"768\" \/>\n\t<meta property=\"og:image:height\" content=\"1024\" \/>\n\t<meta property=\"og:image:type\" content=\"image\/jpeg\" \/>\n<meta name=\"author\" content=\"Manon\" \/>\n<meta name=\"twitter:card\" content=\"summary_large_image\" \/>\n<meta name=\"twitter:label1\" content=\"Scritto da\" \/>\n\t<meta name=\"twitter:data1\" content=\"Manon\" \/>\n\t<meta name=\"twitter:label2\" content=\"Tempo di lettura stimato\" \/>\n\t<meta name=\"twitter:data2\" content=\"3 minuti\" \/>\n<script type=\"application\/ld+json\" class=\"yoast-schema-graph\">{\"@context\":\"https:\\\/\\\/schema.org\",\"@graph\":[{\"@type\":\"Article\",\"@id\":\"https:\\\/\\\/marcapar.com\\\/it\\\/conseils-dexperts\\\/come-prendersi-cura-dei-capelli-in-inverno\\\/#article\",\"isPartOf\":{\"@id\":\"https:\\\/\\\/marcapar.com\\\/it\\\/conseils-dexperts\\\/come-prendersi-cura-dei-capelli-in-inverno\\\/\"},\"author\":{\"name\":\"Manon\",\"@id\":\"https:\\\/\\\/marcapar.com\\\/it\\\/#\\\/schema\\\/person\\\/5da6224fccb00f3c52d91a20d1cd4c54\"},\"headline\":\"Come prendersi cura dei capelli in inverno\u00a0\",\"datePublished\":\"2025-02-17T12:55:56+00:00\",\"dateModified\":\"2025-06-10T11:49:35+00:00\",\"mainEntityOfPage\":{\"@id\":\"https:\\\/\\\/marcapar.com\\\/it\\\/conseils-dexperts\\\/come-prendersi-cura-dei-capelli-in-inverno\\\/\"},\"wordCount\":334,\"commentCount\":0,\"publisher\":{\"@id\":\"https:\\\/\\\/marcapar.com\\\/it\\\/#organization\"},\"image\":{\"@id\":\"https:\\\/\\\/marcapar.com\\\/it\\\/conseils-dexperts\\\/come-prendersi-cura-dei-capelli-in-inverno\\\/#primaryimage\"},\"thumbnailUrl\":\"https:\\\/\\\/marcapar.com\\\/wp-content\\\/uploads\\\/2025\\\/02\\\/20240909-MARCAPAR-DAY-16539-72dpi.jpg\",\"articleSection\":[\"Bellezza e salute\"],\"inLanguage\":\"it-IT\",\"potentialAction\":[{\"@type\":\"CommentAction\",\"name\":\"Comment\",\"target\":[\"https:\\\/\\\/marcapar.com\\\/it\\\/conseils-dexperts\\\/come-prendersi-cura-dei-capelli-in-inverno\\\/#respond\"]}]},{\"@type\":\"WebPage\",\"@id\":\"https:\\\/\\\/marcapar.com\\\/it\\\/conseils-dexperts\\\/come-prendersi-cura-dei-capelli-in-inverno\\\/\",\"url\":\"https:\\\/\\\/marcapar.com\\\/it\\\/conseils-dexperts\\\/come-prendersi-cura-dei-capelli-in-inverno\\\/\",\"name\":\"Come prendersi cura dei capelli in inverno\u00a0 - MARCAPAR\",\"isPartOf\":{\"@id\":\"https:\\\/\\\/marcapar.com\\\/it\\\/#website\"},\"primaryImageOfPage\":{\"@id\":\"https:\\\/\\\/marcapar.com\\\/it\\\/conseils-dexperts\\\/come-prendersi-cura-dei-capelli-in-inverno\\\/#primaryimage\"},\"image\":{\"@id\":\"https:\\\/\\\/marcapar.com\\\/it\\\/conseils-dexperts\\\/come-prendersi-cura-dei-capelli-in-inverno\\\/#primaryimage\"},\"thumbnailUrl\":\"https:\\\/\\\/marcapar.com\\\/wp-content\\\/uploads\\\/2025\\\/02\\\/20240909-MARCAPAR-DAY-16539-72dpi.jpg\",\"datePublished\":\"2025-02-17T12:55:56+00:00\",\"dateModified\":\"2025-06-10T11:49:35+00:00\",\"description\":\"L\u2019inverno \u00e8 una stagione difficile per i capelli. Ecco qualche consiglio da seguire sin da subito per mantenerli in buona salute e conservarne tutta la brillantezza!\",\"breadcrumb\":{\"@id\":\"https:\\\/\\\/marcapar.com\\\/it\\\/conseils-dexperts\\\/come-prendersi-cura-dei-capelli-in-inverno\\\/#breadcrumb\"},\"inLanguage\":\"it-IT\",\"potentialAction\":[{\"@type\":\"ReadAction\",\"target\":[\"https:\\\/\\\/marcapar.com\\\/it\\\/conseils-dexperts\\\/come-prendersi-cura-dei-capelli-in-inverno\\\/\"]}]},{\"@type\":\"ImageObject\",\"inLanguage\":\"it-IT\",\"@id\":\"https:\\\/\\\/marcapar.com\\\/it\\\/conseils-dexperts\\\/come-prendersi-cura-dei-capelli-in-inverno\\\/#primaryimage\",\"url\":\"https:\\\/\\\/marcapar.com\\\/wp-content\\\/uploads\\\/2025\\\/02\\\/20240909-MARCAPAR-DAY-16539-72dpi.jpg\",\"contentUrl\":\"https:\\\/\\\/marcapar.com\\\/wp-content\\\/uploads\\\/2025\\\/02\\\/20240909-MARCAPAR-DAY-16539-72dpi.jpg\",\"width\":1486,\"height\":1981},{\"@type\":\"BreadcrumbList\",\"@id\":\"https:\\\/\\\/marcapar.com\\\/it\\\/conseils-dexperts\\\/come-prendersi-cura-dei-capelli-in-inverno\\\/#breadcrumb\",\"itemListElement\":[{\"@type\":\"ListItem\",\"position\":1,\"name\":\"Pagina iniziale\",\"item\":\"https:\\\/\\\/marcapar.com\\\/it\\\/\"},{\"@type\":\"ListItem\",\"position\":2,\"name\":\"Bellezza e salute\",\"item\":\"https:\\\/\\\/marcapar.com\\\/it\\\/conseils-dexperts\\\/category\\\/bellezza-e-salute\\\/\"},{\"@type\":\"ListItem\",\"position\":3,\"name\":\"Come prendersi cura dei capelli in inverno\u00a0\"}]},{\"@type\":\"WebSite\",\"@id\":\"https:\\\/\\\/marcapar.com\\\/it\\\/#website\",\"url\":\"https:\\\/\\\/marcapar.com\\\/it\\\/\",\"name\":\"MARCAPAR\",\"description\":\"La r\u00e9f\u00e9rence de la coloration v\u00e9g\u00e9tale\",\"publisher\":{\"@id\":\"https:\\\/\\\/marcapar.com\\\/it\\\/#organization\"},\"potentialAction\":[{\"@type\":\"SearchAction\",\"target\":{\"@type\":\"EntryPoint\",\"urlTemplate\":\"https:\\\/\\\/marcapar.com\\\/it\\\/?s={search_term_string}\"},\"query-input\":{\"@type\":\"PropertyValueSpecification\",\"valueRequired\":true,\"valueName\":\"search_term_string\"}}],\"inLanguage\":\"it-IT\"},{\"@type\":\"Organization\",\"@id\":\"https:\\\/\\\/marcapar.com\\\/it\\\/#organization\",\"name\":\"MARCAPAR\",\"url\":\"https:\\\/\\\/marcapar.com\\\/it\\\/\",\"logo\":{\"@type\":\"ImageObject\",\"inLanguage\":\"it-IT\",\"@id\":\"https:\\\/\\\/marcapar.com\\\/it\\\/#\\\/schema\\\/logo\\\/image\\\/\",\"url\":\"https:\\\/\\\/marcapar.com\\\/wp-content\\\/uploads\\\/2024\\\/12\\\/logo.svg\",\"contentUrl\":\"https:\\\/\\\/marcapar.com\\\/wp-content\\\/uploads\\\/2024\\\/12\\\/logo.svg\",\"caption\":\"MARCAPAR\"},\"image\":{\"@id\":\"https:\\\/\\\/marcapar.com\\\/it\\\/#\\\/schema\\\/logo\\\/image\\\/\"}},{\"@type\":\"Person\",\"@id\":\"https:\\\/\\\/marcapar.com\\\/it\\\/#\\\/schema\\\/person\\\/5da6224fccb00f3c52d91a20d1cd4c54\",\"name\":\"Manon\",\"image\":{\"@type\":\"ImageObject\",\"inLanguage\":\"it-IT\",\"@id\":\"https:\\\/\\\/secure.gravatar.com\\\/avatar\\\/55fe278dbc401b88d4c474d55f6dbd37f7ca81473b1f48499b22eadf01992cda?s=96&d=mm&r=g\",\"url\":\"https:\\\/\\\/secure.gravatar.com\\\/avatar\\\/55fe278dbc401b88d4c474d55f6dbd37f7ca81473b1f48499b22eadf01992cda?s=96&d=mm&r=g\",\"contentUrl\":\"https:\\\/\\\/secure.gravatar.com\\\/avatar\\\/55fe278dbc401b88d4c474d55f6dbd37f7ca81473b1f48499b22eadf01992cda?s=96&d=mm&r=g\",\"caption\":\"Manon\"},\"url\":\"https:\\\/\\\/marcapar.com\\\/it\\\/conseils-dexperts\\\/author\\\/manon\\\/\"}]}<\/script>\n<!-- \/ Yoast SEO plugin. -->","yoast_head_json":{"title":"Come prendersi cura dei capelli in inverno\u00a0 - MARCAPAR","description":"L\u2019inverno \u00e8 una stagione difficile per i capelli. Ecco qualche consiglio da seguire sin da subito per mantenerli in buona salute e conservarne tutta la brillantezza!","robots":{"index":"index","follow":"follow","max-snippet":"max-snippet:-1","max-image-preview":"max-image-preview:large","max-video-preview":"max-video-preview:-1"},"canonical":"https:\/\/marcapar.com\/it\/conseils-dexperts\/come-prendersi-cura-dei-capelli-in-inverno\/","og_locale":"it_IT","og_type":"article","og_title":"Come prendersi cura dei capelli in inverno\u00a0 - MARCAPAR","og_description":"L\u2019inverno \u00e8 una stagione difficile per i capelli. Ecco qualche consiglio da seguire sin da subito per mantenerli in buona salute e conservarne tutta la brillantezza!","og_url":"https:\/\/marcapar.com\/it\/conseils-dexperts\/come-prendersi-cura-dei-capelli-in-inverno\/","og_site_name":"MARCAPAR","article_published_time":"2025-02-17T12:55:56+00:00","article_modified_time":"2025-06-10T11:49:35+00:00","og_image":[{"width":768,"height":1024,"url":"https:\/\/marcapar.com\/wp-content\/uploads\/2025\/02\/20240909-MARCAPAR-DAY-16539-72dpi-768x1024.jpg","type":"image\/jpeg"}],"author":"Manon","twitter_card":"summary_large_image","twitter_misc":{"Scritto da":"Manon","Tempo di lettura stimato":"3 minuti"},"schema":{"@context":"https:\/\/schema.org","@graph":[{"@type":"Article","@id":"https:\/\/marcapar.com\/it\/conseils-dexperts\/come-prendersi-cura-dei-capelli-in-inverno\/#article","isPartOf":{"@id":"https:\/\/marcapar.com\/it\/conseils-dexperts\/come-prendersi-cura-dei-capelli-in-inverno\/"},"author":{"name":"Manon","@id":"https:\/\/marcapar.com\/it\/#\/schema\/person\/5da6224fccb00f3c52d91a20d1cd4c54"},"headline":"Come prendersi cura dei capelli in inverno\u00a0","datePublished":"2025-02-17T12:55:56+00:00","dateModified":"2025-06-10T11:49:35+00:00","mainEntityOfPage":{"@id":"https:\/\/marcapar.com\/it\/conseils-dexperts\/come-prendersi-cura-dei-capelli-in-inverno\/"},"wordCount":334,"commentCount":0,"publisher":{"@id":"https:\/\/marcapar.com\/it\/#organization"},"image":{"@id":"https:\/\/marcapar.com\/it\/conseils-dexperts\/come-prendersi-cura-dei-capelli-in-inverno\/#primaryimage"},"thumbnailUrl":"https:\/\/marcapar.com\/wp-content\/uploads\/2025\/02\/20240909-MARCAPAR-DAY-16539-72dpi.jpg","articleSection":["Bellezza e salute"],"inLanguage":"it-IT","potentialAction":[{"@type":"CommentAction","name":"Comment","target":["https:\/\/marcapar.com\/it\/conseils-dexperts\/come-prendersi-cura-dei-capelli-in-inverno\/#respond"]}]},{"@type":"WebPage","@id":"https:\/\/marcapar.com\/it\/conseils-dexperts\/come-prendersi-cura-dei-capelli-in-inverno\/","url":"https:\/\/marcapar.com\/it\/conseils-dexperts\/come-prendersi-cura-dei-capelli-in-inverno\/","name":"Come prendersi cura dei capelli in inverno\u00a0 - MARCAPAR","isPartOf":{"@id":"https:\/\/marcapar.com\/it\/#website"},"primaryImageOfPage":{"@id":"https:\/\/marcapar.com\/it\/conseils-dexperts\/come-prendersi-cura-dei-capelli-in-inverno\/#primaryimage"},"image":{"@id":"https:\/\/marcapar.com\/it\/conseils-dexperts\/come-prendersi-cura-dei-capelli-in-inverno\/#primaryimage"},"thumbnailUrl":"https:\/\/marcapar.com\/wp-content\/uploads\/2025\/02\/20240909-MARCAPAR-DAY-16539-72dpi.jpg","datePublished":"2025-02-17T12:55:56+00:00","dateModified":"2025-06-10T11:49:35+00:00","description":"L\u2019inverno \u00e8 una stagione difficile per i capelli. Ecco qualche consiglio da seguire sin da subito per mantenerli in buona salute e conservarne tutta la brillantezza!","breadcrumb":{"@id":"https:\/\/marcapar.com\/it\/conseils-dexperts\/come-prendersi-cura-dei-capelli-in-inverno\/#breadcrumb"},"inLanguage":"it-IT","potentialAction":[{"@type":"ReadAction","target":["https:\/\/marcapar.com\/it\/conseils-dexperts\/come-prendersi-cura-dei-capelli-in-inverno\/"]}]},{"@type":"ImageObject","inLanguage":"it-IT","@id":"https:\/\/marcapar.com\/it\/conseils-dexperts\/come-prendersi-cura-dei-capelli-in-inverno\/#primaryimage","url":"https:\/\/marcapar.com\/wp-content\/uploads\/2025\/02\/20240909-MARCAPAR-DAY-16539-72dpi.jpg","contentUrl":"https:\/\/marcapar.com\/wp-content\/uploads\/2025\/02\/20240909-MARCAPAR-DAY-16539-72dpi.jpg","width":1486,"height":1981},{"@type":"BreadcrumbList","@id":"https:\/\/marcapar.com\/it\/conseils-dexperts\/come-prendersi-cura-dei-capelli-in-inverno\/#breadcrumb","itemListElement":[{"@type":"ListItem","position":1,"name":"Pagina iniziale","item":"https:\/\/marcapar.com\/it\/"},{"@type":"ListItem","position":2,"name":"Bellezza e salute","item":"https:\/\/marcapar.com\/it\/conseils-dexperts\/category\/bellezza-e-salute\/"},{"@type":"ListItem","position":3,"name":"Come prendersi cura dei capelli in inverno\u00a0"}]},{"@type":"WebSite","@id":"https:\/\/marcapar.com\/it\/#website","url":"https:\/\/marcapar.com\/it\/","name":"MARCAPAR","description":"La r\u00e9f\u00e9rence de la coloration v\u00e9g\u00e9tale","publisher":{"@id":"https:\/\/marcapar.com\/it\/#organization"},"potentialAction":[{"@type":"SearchAction","target":{"@type":"EntryPoint","urlTemplate":"https:\/\/marcapar.com\/it\/?s={search_term_string}"},"query-input":{"@type":"PropertyValueSpecification","valueRequired":true,"valueName":"search_term_string"}}],"inLanguage":"it-IT"},{"@type":"Organization","@id":"https:\/\/marcapar.com\/it\/#organization","name":"MARCAPAR","url":"https:\/\/marcapar.com\/it\/","logo":{"@type":"ImageObject","inLanguage":"it-IT","@id":"https:\/\/marcapar.com\/it\/#\/schema\/logo\/image\/","url":"https:\/\/marcapar.com\/wp-content\/uploads\/2024\/12\/logo.svg","contentUrl":"https:\/\/marcapar.com\/wp-content\/uploads\/2024\/12\/logo.svg","caption":"MARCAPAR"},"image":{"@id":"https:\/\/marcapar.com\/it\/#\/schema\/logo\/image\/"}},{"@type":"Person","@id":"https:\/\/marcapar.com\/it\/#\/schema\/person\/5da6224fccb00f3c52d91a20d1cd4c54","name":"Manon","image":{"@type":"ImageObject","inLanguage":"it-IT","@id":"https:\/\/secure.gravatar.com\/avatar\/55fe278dbc401b88d4c474d55f6dbd37f7ca81473b1f48499b22eadf01992cda?s=96&d=mm&r=g","url":"https:\/\/secure.gravatar.com\/avatar\/55fe278dbc401b88d4c474d55f6dbd37f7ca81473b1f48499b22eadf01992cda?s=96&d=mm&r=g","contentUrl":"https:\/\/secure.gravatar.com\/avatar\/55fe278dbc401b88d4c474d55f6dbd37f7ca81473b1f48499b22eadf01992cda?s=96&d=mm&r=g","caption":"Manon"},"url":"https:\/\/marcapar.com\/it\/conseils-dexperts\/author\/manon\/"}]}},"_links":{"self":[{"href":"https:\/\/marcapar.com\/it\/wp-json\/wp\/v2\/posts\/3447","targetHints":{"allow":["GET"]}}],"collection":[{"href":"https:\/\/marcapar.com\/it\/wp-json\/wp\/v2\/posts"}],"about":[{"href":"https:\/\/marcapar.com\/it\/wp-json\/wp\/v2\/types\/post"}],"author":[{"embeddable":true,"href":"https:\/\/marcapar.com\/it\/wp-json\/wp\/v2\/users\/3"}],"replies":[{"embeddable":true,"href":"https:\/\/marcapar.com\/it\/wp-json\/wp\/v2\/comments?post=3447"}],"version-history":[{"count":5,"href":"https:\/\/marcapar.com\/it\/wp-json\/wp\/v2\/posts\/3447\/revisions"}],"predecessor-version":[{"id":5105,"href":"https:\/\/marcapar.com\/it\/wp-json\/wp\/v2\/posts\/3447\/revisions\/5105"}],"wp:featuredmedia":[{"embeddable":true,"href":"https:\/\/marcapar.com\/it\/wp-json\/wp\/v2\/media\/3441"}],"wp:attachment":[{"href":"https:\/\/marcapar.com\/it\/wp-json\/wp\/v2\/media?parent=3447"}],"wp:term":[{"taxonomy":"category","embeddable":true,"href":"https:\/\/marcapar.com\/it\/wp-json\/wp\/v2\/categories?post=3447"},{"taxonomy":"post_tag","embeddable":true,"href":"https:\/\/marcapar.com\/it\/wp-json\/wp\/v2\/tags?post=3447"}],"curies":[{"name":"wp","href":"https:\/\/api.w.org\/{rel}","templated":true}]}}