{"id":5888,"date":"2025-08-27T16:46:42","date_gmt":"2025-08-27T14:46:42","guid":{"rendered":"https:\/\/marcapar.com\/?p=5888"},"modified":"2025-08-27T16:46:44","modified_gmt":"2025-08-27T14:46:44","slug":"comment-reparer-ses-cheveux-apres-lete","status":"publish","type":"post","link":"https:\/\/marcapar.com\/fr\/conseils-dexperts\/comment-reparer-ses-cheveux-apres-lete\/","title":{"rendered":"Comment r\u00e9parer ses cheveux apr\u00e8s l&rsquo;\u00e9t\u00e9 ?"},"content":{"rendered":"\n<p>Le retour des vacances est souvent marqu\u00e9 par un constat : si notre peau a pris de jolies couleurs, nos cheveux, eux, ont souffert. Soleil, chlore, sel et vent laissent derri\u00e8re eux une chevelure ternie, s\u00e8che et fragilis\u00e9e. <br>Pas de panique !<br>Avec quelques gestes simples et naturels, il est possible de retrouver force, brillance et douceur.<\/p>\n\n\n\n<h2 class=\"wp-block-heading\">Suivez nos 6 conseils d&rsquo;experts pour une rentr\u00e9e en beaut\u00e9<\/h2>\n\n\n\n<h3 class=\"wp-block-heading\">1. Couper les pointes ab\u00eem\u00e9es<\/h3>\n\n\n\n<div class=\"wp-block-media-text is-stacked-on-mobile\" style=\"grid-template-columns:33% auto\"><figure class=\"wp-block-media-text__media\"><img loading=\"lazy\" decoding=\"async\" width=\"1856\" height=\"1856\" src=\"https:\/\/marcapar.com\/wp-content\/uploads\/2025\/08\/AdobeStock_403117806-edited-1.jpeg\" alt=\"Couper les pointes cheveux\" class=\"wp-image-6004 size-full\" srcset=\"https:\/\/marcapar.com\/wp-content\/uploads\/2025\/08\/AdobeStock_403117806-edited-1.jpeg 1856w, https:\/\/marcapar.com\/wp-content\/uploads\/2025\/08\/AdobeStock_403117806-edited-1-300x300.jpeg 300w, https:\/\/marcapar.com\/wp-content\/uploads\/2025\/08\/AdobeStock_403117806-edited-1-1024x1024.jpeg 1024w, https:\/\/marcapar.com\/wp-content\/uploads\/2025\/08\/AdobeStock_403117806-edited-1-150x150.jpeg 150w, https:\/\/marcapar.com\/wp-content\/uploads\/2025\/08\/AdobeStock_403117806-edited-1-768x768.jpeg 768w, https:\/\/marcapar.com\/wp-content\/uploads\/2025\/08\/AdobeStock_403117806-edited-1-1536x1536.jpeg 1536w\" sizes=\"auto, (max-width: 1856px) 100vw, 1856px\" \/><\/figure><div class=\"wp-block-media-text__content\">\n<p>Pendant l&rsquo;\u00e9t\u00e9, les pointes deviennent s\u00e8ches, r\u00eaches et peuvent se casser ou se d\u00e9doubler. En les coupant, on \u00e9vite que ces fourches ne remontent vers la longueur et n\u2019affaiblissent toute la chevelure. Couper quelques centim\u00e8tres permet donc d\u2019\u00e9liminer les parties ab\u00eem\u00e9es et de redonner imm\u00e9diatement densit\u00e9 et brillance \u00e0 la chevelure.<\/p>\n\n\n\n<p>Contrairement aux id\u00e9es re\u00e7ues, la coupe ne fait pas pousser plus vite, et ne freine pas non plus la pousse ! En revanche, cela contribue \u00e0 pr\u00e9server leur sant\u00e9, et ainsi retrouver une chevelure douce, brillante et l\u00e9g\u00e8re, pr\u00eate \u00e0 affronter la rentr\u00e9e avec \u00e9clat.<\/p>\n\n\n\n<p>Des cheveux r\u00e9par\u00e9s en quelques coups de ciseaux !<\/p>\n<\/div><\/div>\n\n\n\n<p><\/p>\n\n\n\n<p><\/p>\n\n\n\n<p><\/p>\n\n\n\n<h3 class=\"wp-block-heading\">2. Faire une cure de soins nourrissants<\/h3>\n\n\n\n<div class=\"wp-block-media-text has-media-on-the-right is-stacked-on-mobile is-vertically-aligned-top\" style=\"grid-template-columns:auto 33%\"><div class=\"wp-block-media-text__content\">\n<p>Apr\u00e8s l\u2019\u00e9t\u00e9, c\u2019est aussi le moment id\u00e9al pour offrir \u00e0 vos cheveux une v\u00e9ritable cure de nutrition. En int\u00e9grant r\u00e9guli\u00e8rement des masques riches en huiles v\u00e9g\u00e9tales ou en beurres r\u00e9parateurs, la fibre capillaire est nourrie en profondeur, les cheveux retrouvent souplesse et douceur, tout en limitant la casse.<\/p>\n\n\n\n<p>Ce rituel permet de renforcer et de r\u00e9hydrater la chevelure afin de la pr\u00e9parer aux saisons plus froides, souvent synonymes de chauffage, d\u2019air sec et de d\u00e9shydratation. <\/p>\n\n\n\n<p>En seulement quelques semaines de soins cibl\u00e9s, les cheveux redeviennent brillants, r\u00e9sistants et pleins de vitalit\u00e9.<\/p>\n\n\n\n<p><\/p>\n\n\n\n<p><em>Notre conseil produit :<\/em><br>Le<a href=\"https:\/\/marcapar.com\/fr\/produit\/masque-nutrition\/\"> Masque Nutrition<\/a>, \u00e0 base d\u2019huiles v\u00e9g\u00e9tales et de beurre de karit\u00e9, nourrit intens\u00e9ment et r\u00e9g\u00e9n\u00e8re naturellement la fibre capillaire.<\/p>\n<\/div><figure class=\"wp-block-media-text__media\"><img loading=\"lazy\" decoding=\"async\" width=\"1024\" height=\"1024\" src=\"https:\/\/marcapar.com\/wp-content\/uploads\/2025\/08\/0X4A9406-1024x1024.jpg\" alt=\"Masque pour entretenir ses cheveux \" class=\"wp-image-5926 size-full\" srcset=\"https:\/\/marcapar.com\/wp-content\/uploads\/2025\/08\/0X4A9406-1024x1024.jpg 1024w, https:\/\/marcapar.com\/wp-content\/uploads\/2025\/08\/0X4A9406-300x300.jpg 300w, https:\/\/marcapar.com\/wp-content\/uploads\/2025\/08\/0X4A9406-150x150.jpg 150w, https:\/\/marcapar.com\/wp-content\/uploads\/2025\/08\/0X4A9406-768x768.jpg 768w, https:\/\/marcapar.com\/wp-content\/uploads\/2025\/08\/0X4A9406-1536x1536.jpg 1536w, https:\/\/marcapar.com\/wp-content\/uploads\/2025\/08\/0X4A9406-2048x2048.jpg 2048w\" sizes=\"auto, (max-width: 1024px) 100vw, 1024px\" \/><\/figure><\/div>\n\n\n\n<h3 class=\"wp-block-heading\">3. Choisir un shampooing doux et adapt\u00e9<\/h3>\n\n\n\n<div class=\"wp-block-media-text is-stacked-on-mobile\" style=\"grid-template-columns:33% auto\"><figure class=\"wp-block-media-text__media\"><img loading=\"lazy\" decoding=\"async\" width=\"540\" height=\"540\" src=\"https:\/\/marcapar.com\/wp-content\/uploads\/2025\/08\/Photo-application-V2_00086406-edited-1.jpg\" alt=\"Laver ses cheveux avec un bon shampooing\" class=\"wp-image-5938 size-full\" srcset=\"https:\/\/marcapar.com\/wp-content\/uploads\/2025\/08\/Photo-application-V2_00086406-edited-1.jpg 540w, https:\/\/marcapar.com\/wp-content\/uploads\/2025\/08\/Photo-application-V2_00086406-edited-1-300x300.jpg 300w, https:\/\/marcapar.com\/wp-content\/uploads\/2025\/08\/Photo-application-V2_00086406-edited-1-150x150.jpg 150w\" sizes=\"auto, (max-width: 540px) 100vw, 540px\" \/><\/figure><div class=\"wp-block-media-text__content\">\n<p>Un bon shampooing est la base d\u2019une chevelure en pleine sant\u00e9, surtout apr\u00e8s l\u2019\u00e9t\u00e9 o\u00f9 les cheveux sont secs et fragilis\u00e9s. Opter pour un shampoing doux et adapt\u00e9 \u00e0 son type de cheveux permet de nettoyer sans agresser, tout en respectant le cuir chevelu. <\/p>\n\n\n\n<p>Les formules trop d\u00e9capantes accentuent le dess\u00e8chement et la casse, alors qu\u2019un soin lavant \u00e9quilibr\u00e9 aide \u00e0 pr\u00e9server l\u2019hydratation naturelle et pr\u00e9pare les cheveux \u00e0 recevoir masques et soins. <\/p>\n\n\n\n<p>Que l\u2019on ait les cheveux color\u00e9s, secs, boucl\u00e9s ou fins, choisir le bon shampooing, c\u2019est offrir \u00e0 sa chevelure la premi\u00e8re \u00e9tape d\u2019une routine vraiment r\u00e9paratrice et protectrice.<\/p>\n\n\n\n<p><em>Notre conseil produit :<\/em><\/p>\n\n\n\n<p>Le <a href=\"https:\/\/marcapar.com\/fr\/produit\/shampooing-douceur\/\">Shampooing Douceur<\/a>, riche en vitamines et oligo-\u00e9l\u00e9ments, revitalise les cheveux tout en douceur et convient parfaitement aux cuirs chevelus secs et aux cheveux d\u00e9shydrat\u00e9s.<\/p>\n<\/div><\/div>\n\n\n\n<p><\/p>\n\n\n\n<h3 class=\"wp-block-heading\">4. Espacer les lavages<\/h3>\n\n\n\n<div class=\"wp-block-media-text has-media-on-the-right is-stacked-on-mobile is-vertically-aligned-top\" style=\"grid-template-columns:auto 33%\"><div class=\"wp-block-media-text__content\">\n<p>Laver ses cheveux trop souvent peut fragiliser le cuir chevelu et ass\u00e9cher les longueurs, surtout apr\u00e8s l\u2019\u00e9t\u00e9 o\u00f9 la fibre a d\u00e9j\u00e0 \u00e9t\u00e9 mise \u00e0 rude \u00e9preuve. Espacer les lavages permet de pr\u00e9server le s\u00e9bum naturel, v\u00e9ritable barri\u00e8re protectrice qui nourrit et prot\u00e8ge la chevelure. <\/p>\n\n\n\n<p>En r\u00e9duisant progressivement la fr\u00e9quence, par exemple en adoptant un <a href=\"https:\/\/marcapar.com\/fr\/produit\/shampooing-sec\/\">Shampooing sec<\/a> entre deux lavages, les cheveux retrouvent un meilleur \u00e9quilibre, regraissent moins vite et gagnent en volume.<\/p>\n\n\n\n<p>R\u00e9sultat : une chevelure plus saine, plus forte et plus facile \u00e0 entretenir au quotidien.<\/p>\n\n\n\n<p><br><\/p>\n<\/div><figure class=\"wp-block-media-text__media\"><img loading=\"lazy\" decoding=\"async\" width=\"2560\" height=\"2560\" src=\"https:\/\/marcapar.com\/wp-content\/uploads\/2025\/08\/AdobeStock_231112169-edited-scaled.jpeg\" alt=\"fragiliser le cuir chevelu\" class=\"wp-image-5946 size-full\" srcset=\"https:\/\/marcapar.com\/wp-content\/uploads\/2025\/08\/AdobeStock_231112169-edited-scaled.jpeg 2560w, https:\/\/marcapar.com\/wp-content\/uploads\/2025\/08\/AdobeStock_231112169-edited-300x300.jpeg 300w, https:\/\/marcapar.com\/wp-content\/uploads\/2025\/08\/AdobeStock_231112169-edited-1024x1024.jpeg 1024w, https:\/\/marcapar.com\/wp-content\/uploads\/2025\/08\/AdobeStock_231112169-edited-150x150.jpeg 150w, https:\/\/marcapar.com\/wp-content\/uploads\/2025\/08\/AdobeStock_231112169-edited-768x768.jpeg 768w, https:\/\/marcapar.com\/wp-content\/uploads\/2025\/08\/AdobeStock_231112169-edited-1536x1536.jpeg 1536w, https:\/\/marcapar.com\/wp-content\/uploads\/2025\/08\/AdobeStock_231112169-edited-2048x2048.jpeg 2048w\" sizes=\"auto, (max-width: 2560px) 100vw, 2560px\" \/><\/figure><\/div>\n\n\n\n<p><\/p>\n\n\n\n<h3 class=\"wp-block-heading\">5. \u00c9viter la chaleur excessive<\/h3>\n\n\n\n<div class=\"wp-block-media-text is-stacked-on-mobile is-vertically-aligned-top\" style=\"grid-template-columns:33% auto\"><figure class=\"wp-block-media-text__media\"><img loading=\"lazy\" decoding=\"async\" width=\"2176\" height=\"2176\" src=\"https:\/\/marcapar.com\/wp-content\/uploads\/2025\/08\/AdobeStock_1334897471-edited.jpeg\" alt=\"\u00c9viter la chaleur excessive\" class=\"wp-image-5954 size-full\" srcset=\"https:\/\/marcapar.com\/wp-content\/uploads\/2025\/08\/AdobeStock_1334897471-edited.jpeg 2176w, https:\/\/marcapar.com\/wp-content\/uploads\/2025\/08\/AdobeStock_1334897471-edited-300x300.jpeg 300w, https:\/\/marcapar.com\/wp-content\/uploads\/2025\/08\/AdobeStock_1334897471-edited-1024x1024.jpeg 1024w, https:\/\/marcapar.com\/wp-content\/uploads\/2025\/08\/AdobeStock_1334897471-edited-150x150.jpeg 150w, https:\/\/marcapar.com\/wp-content\/uploads\/2025\/08\/AdobeStock_1334897471-edited-768x768.jpeg 768w, https:\/\/marcapar.com\/wp-content\/uploads\/2025\/08\/AdobeStock_1334897471-edited-1536x1536.jpeg 1536w, https:\/\/marcapar.com\/wp-content\/uploads\/2025\/08\/AdobeStock_1334897471-edited-2048x2048.jpeg 2048w\" sizes=\"auto, (max-width: 2176px) 100vw, 2176px\" \/><\/figure><div class=\"wp-block-media-text__content\">\n<p><\/p>\n\n\n\n<p><\/p>\n\n\n\n<p>Apr\u00e8s l\u2019\u00e9t\u00e9, les cheveux ont d\u00e9j\u00e0 subi l\u2019agression du soleil et du sel, il est donc essentiel d\u2019\u00e9viter la chaleur excessive des appareils coiffants comme le s\u00e8che-cheveux, le fer \u00e0 lisser ou le boucleur. <\/p>\n\n\n\n<p>Ces outils fragilisent encore plus la fibre capillaire, la rendant s\u00e8che, terne et cassante. Privil\u00e9gier un s\u00e9chage \u00e0 l\u2019air libre ou utiliser la chaleur \u00e0 basse temp\u00e9rature aide \u00e0 pr\u00e9server la brillance et la souplesse de la chevelure.<\/p>\n\n\n\n<p>Offrir cette pause sans chaleur \u00e0 vos cheveux, c\u2019est leur donner le temps de se r\u00e9g\u00e9n\u00e9rer et prolonger leur vitalit\u00e9 au fil des saisons. <\/p>\n<\/div><\/div>\n\n\n\n<p><\/p>\n\n\n\n<h3 class=\"wp-block-heading\">6. Rincer \u00e0 l\u2019eau ti\u00e8de ou froide<\/h3>\n\n\n\n<div class=\"wp-block-media-text has-media-on-the-right is-stacked-on-mobile is-vertically-aligned-top\" style=\"grid-template-columns:auto 33%\"><div class=\"wp-block-media-text__content\">\n<p>Rincer ses cheveux \u00e0 l\u2019eau ti\u00e8de ou froide apr\u00e8s le shampooing et le soin est un geste simple mais efficace pour pr\u00e9server leur sant\u00e9. L\u2019eau chaude a tendance \u00e0 ouvrir les cuticules et \u00e0 dess\u00e9cher la fibre capillaire, tandis qu\u2019un rin\u00e7age ti\u00e8de ou froid les referme, accentuant brillance et douceur.<\/p>\n\n\n\n<p>Ce petit r\u00e9flexe prolonge l\u2019effet des soins nourrissants, rend la chevelure plus facile \u00e0 coiffer et limite l\u2019apparition de frisottis, offrant un fini soyeux et lumineux au quotidien.<\/p>\n<\/div><figure class=\"wp-block-media-text__media\"><img loading=\"lazy\" decoding=\"async\" width=\"2558\" height=\"2560\" src=\"https:\/\/marcapar.com\/wp-content\/uploads\/2025\/08\/AdobeStock_568050830-edited-scaled.jpeg\" alt=\"Rincer \u00e0 l\u2019eau ti\u00e8de ou froide\" class=\"wp-image-5963 size-full\" srcset=\"https:\/\/marcapar.com\/wp-content\/uploads\/2025\/08\/AdobeStock_568050830-edited-scaled.jpeg 2558w, https:\/\/marcapar.com\/wp-content\/uploads\/2025\/08\/AdobeStock_568050830-edited-300x300.jpeg 300w, https:\/\/marcapar.com\/wp-content\/uploads\/2025\/08\/AdobeStock_568050830-edited-1024x1024.jpeg 1024w, https:\/\/marcapar.com\/wp-content\/uploads\/2025\/08\/AdobeStock_568050830-edited-150x150.jpeg 150w, https:\/\/marcapar.com\/wp-content\/uploads\/2025\/08\/AdobeStock_568050830-edited-768x768.jpeg 768w, https:\/\/marcapar.com\/wp-content\/uploads\/2025\/08\/AdobeStock_568050830-edited-1536x1536.jpeg 1536w\" sizes=\"auto, (max-width: 2558px) 100vw, 2558px\" \/><\/figure><\/div>\n\n\n\n<p><\/p>\n\n\n\n<div class=\"wp-block-buttons is-content-justification-center is-layout-flex wp-container-core-buttons-is-layout-a89b3969 wp-block-buttons-is-layout-flex\">\n<div class=\"wp-block-button\"><a class=\"wp-block-button__link has-white-color has-black-background-color has-text-color has-background has-link-color wp-element-button\" href=\"https:\/\/marcapar.com\/ou-nous-trouver\/\" style=\"border-radius:0px\" target=\"_blank\" rel=\"noreferrer noopener\">Retrouvez nos produits dans les salons partenaires MARCAPAR ! <\/a><\/div>\n<\/div>\n","protected":false},"excerpt":{"rendered":"<p>Apr\u00e8s l\u2019\u00e9t\u00e9, les cheveux sont souvent secs, ternes, fragilis\u00e9s par le soleil, le sel et le chlore. Voici nos conseils d&rsquo;experts pour les r\u00e9parer et leur permettre de retrouver leur force et \u00e9clat ! <\/p>\n","protected":false},"author":3,"featured_media":6004,"comment_status":"open","ping_status":"open","sticky":false,"template":"","format":"standard","meta":{"_acf_changed":false,"footnotes":""},"categories":[25,1],"tags":[],"class_list":["post-5888","post","type-post","status-publish","format-standard","has-post-thumbnail","hentry","category-beaute-et-sante","category-non-classifiee"],"acf":[],"yoast_head":"<!-- This site is optimized with the Yoast SEO plugin v27.4 - https:\/\/yoast.com\/product\/yoast-seo-wordpress\/ -->\n<title>Comment r\u00e9parer ses cheveux apr\u00e8s l&#039;\u00e9t\u00e9 ? - MARCAPAR<\/title>\n<meta name=\"robots\" content=\"index, follow, max-snippet:-1, max-image-preview:large, max-video-preview:-1\" \/>\n<link rel=\"canonical\" href=\"https:\/\/marcapar.com\/fr\/conseils-dexperts\/comment-reparer-ses-cheveux-apres-lete\/\" \/>\n<meta property=\"og:locale\" content=\"fr_FR\" \/>\n<meta property=\"og:type\" content=\"article\" \/>\n<meta property=\"og:title\" content=\"Comment r\u00e9parer ses cheveux apr\u00e8s l&#039;\u00e9t\u00e9 ? - MARCAPAR\" \/>\n<meta property=\"og:description\" content=\"Apr\u00e8s l\u2019\u00e9t\u00e9, les cheveux sont souvent secs, ternes, fragilis\u00e9s par le soleil, le sel et le chlore. Voici nos conseils d&#039;experts pour les r\u00e9parer et leur permettre de retrouver leur force et \u00e9clat !\" \/>\n<meta property=\"og:url\" content=\"https:\/\/marcapar.com\/fr\/conseils-dexperts\/comment-reparer-ses-cheveux-apres-lete\/\" \/>\n<meta property=\"og:site_name\" content=\"MARCAPAR\" \/>\n<meta property=\"article:published_time\" content=\"2025-08-27T14:46:42+00:00\" \/>\n<meta property=\"article:modified_time\" content=\"2025-08-27T14:46:44+00:00\" \/>\n<meta property=\"og:image\" content=\"https:\/\/marcapar.com\/wp-content\/uploads\/2025\/08\/AdobeStock_403117806-edited-1.jpeg\" \/>\n\t<meta property=\"og:image:width\" content=\"1856\" \/>\n\t<meta property=\"og:image:height\" content=\"1856\" \/>\n\t<meta property=\"og:image:type\" content=\"image\/jpeg\" \/>\n<meta name=\"author\" content=\"Manon\" \/>\n<meta name=\"twitter:card\" content=\"summary_large_image\" \/>\n<meta name=\"twitter:label1\" content=\"\u00c9crit par\" \/>\n\t<meta name=\"twitter:data1\" content=\"Manon\" \/>\n\t<meta name=\"twitter:label2\" content=\"Dur\u00e9e de lecture estim\u00e9e\" \/>\n\t<meta name=\"twitter:data2\" content=\"6 minutes\" \/>\n<script type=\"application\/ld+json\" class=\"yoast-schema-graph\">{\"@context\":\"https:\\\/\\\/schema.org\",\"@graph\":[{\"@type\":\"Article\",\"@id\":\"https:\\\/\\\/marcapar.com\\\/fr\\\/conseils-dexperts\\\/comment-reparer-ses-cheveux-apres-lete\\\/#article\",\"isPartOf\":{\"@id\":\"https:\\\/\\\/marcapar.com\\\/fr\\\/conseils-dexperts\\\/comment-reparer-ses-cheveux-apres-lete\\\/\"},\"author\":{\"name\":\"Manon\",\"@id\":\"https:\\\/\\\/marcapar.com\\\/fr\\\/#\\\/schema\\\/person\\\/5da6224fccb00f3c52d91a20d1cd4c54\"},\"headline\":\"Comment r\u00e9parer ses cheveux apr\u00e8s l&rsquo;\u00e9t\u00e9 ?\",\"datePublished\":\"2025-08-27T14:46:42+00:00\",\"dateModified\":\"2025-08-27T14:46:44+00:00\",\"mainEntityOfPage\":{\"@id\":\"https:\\\/\\\/marcapar.com\\\/fr\\\/conseils-dexperts\\\/comment-reparer-ses-cheveux-apres-lete\\\/\"},\"wordCount\":809,\"commentCount\":0,\"publisher\":{\"@id\":\"https:\\\/\\\/marcapar.com\\\/fr\\\/#organization\"},\"image\":{\"@id\":\"https:\\\/\\\/marcapar.com\\\/fr\\\/conseils-dexperts\\\/comment-reparer-ses-cheveux-apres-lete\\\/#primaryimage\"},\"thumbnailUrl\":\"https:\\\/\\\/marcapar.com\\\/wp-content\\\/uploads\\\/2025\\\/08\\\/AdobeStock_403117806-edited-1.jpeg\",\"articleSection\":[\"Beaut\u00e9 et Sant\u00e9\",\"Non classifi\u00e9(e)\"],\"inLanguage\":\"fr-FR\",\"potentialAction\":[{\"@type\":\"CommentAction\",\"name\":\"Comment\",\"target\":[\"https:\\\/\\\/marcapar.com\\\/fr\\\/conseils-dexperts\\\/comment-reparer-ses-cheveux-apres-lete\\\/#respond\"]}]},{\"@type\":\"WebPage\",\"@id\":\"https:\\\/\\\/marcapar.com\\\/fr\\\/conseils-dexperts\\\/comment-reparer-ses-cheveux-apres-lete\\\/\",\"url\":\"https:\\\/\\\/marcapar.com\\\/fr\\\/conseils-dexperts\\\/comment-reparer-ses-cheveux-apres-lete\\\/\",\"name\":\"Comment r\u00e9parer ses cheveux apr\u00e8s l'\u00e9t\u00e9 ? - MARCAPAR\",\"isPartOf\":{\"@id\":\"https:\\\/\\\/marcapar.com\\\/fr\\\/#website\"},\"primaryImageOfPage\":{\"@id\":\"https:\\\/\\\/marcapar.com\\\/fr\\\/conseils-dexperts\\\/comment-reparer-ses-cheveux-apres-lete\\\/#primaryimage\"},\"image\":{\"@id\":\"https:\\\/\\\/marcapar.com\\\/fr\\\/conseils-dexperts\\\/comment-reparer-ses-cheveux-apres-lete\\\/#primaryimage\"},\"thumbnailUrl\":\"https:\\\/\\\/marcapar.com\\\/wp-content\\\/uploads\\\/2025\\\/08\\\/AdobeStock_403117806-edited-1.jpeg\",\"datePublished\":\"2025-08-27T14:46:42+00:00\",\"dateModified\":\"2025-08-27T14:46:44+00:00\",\"breadcrumb\":{\"@id\":\"https:\\\/\\\/marcapar.com\\\/fr\\\/conseils-dexperts\\\/comment-reparer-ses-cheveux-apres-lete\\\/#breadcrumb\"},\"inLanguage\":\"fr-FR\",\"potentialAction\":[{\"@type\":\"ReadAction\",\"target\":[\"https:\\\/\\\/marcapar.com\\\/fr\\\/conseils-dexperts\\\/comment-reparer-ses-cheveux-apres-lete\\\/\"]}]},{\"@type\":\"ImageObject\",\"inLanguage\":\"fr-FR\",\"@id\":\"https:\\\/\\\/marcapar.com\\\/fr\\\/conseils-dexperts\\\/comment-reparer-ses-cheveux-apres-lete\\\/#primaryimage\",\"url\":\"https:\\\/\\\/marcapar.com\\\/wp-content\\\/uploads\\\/2025\\\/08\\\/AdobeStock_403117806-edited-1.jpeg\",\"contentUrl\":\"https:\\\/\\\/marcapar.com\\\/wp-content\\\/uploads\\\/2025\\\/08\\\/AdobeStock_403117806-edited-1.jpeg\",\"width\":1856,\"height\":1856,\"caption\":\"Coupe pointes\"},{\"@type\":\"BreadcrumbList\",\"@id\":\"https:\\\/\\\/marcapar.com\\\/fr\\\/conseils-dexperts\\\/comment-reparer-ses-cheveux-apres-lete\\\/#breadcrumb\",\"itemListElement\":[{\"@type\":\"ListItem\",\"position\":1,\"name\":\"Accueil\",\"item\":\"https:\\\/\\\/marcapar.com\\\/fr\\\/\"},{\"@type\":\"ListItem\",\"position\":2,\"name\":\"Beaut\u00e9 et Sant\u00e9\",\"item\":\"https:\\\/\\\/marcapar.com\\\/fr\\\/conseils-dexperts\\\/category\\\/beaute-et-sante\\\/\"},{\"@type\":\"ListItem\",\"position\":3,\"name\":\"Comment r\u00e9parer ses cheveux apr\u00e8s l&rsquo;\u00e9t\u00e9 ?\"}]},{\"@type\":\"WebSite\",\"@id\":\"https:\\\/\\\/marcapar.com\\\/fr\\\/#website\",\"url\":\"https:\\\/\\\/marcapar.com\\\/fr\\\/\",\"name\":\"MARCAPAR\",\"description\":\"La r\u00e9f\u00e9rence de la coloration v\u00e9g\u00e9tale\",\"publisher\":{\"@id\":\"https:\\\/\\\/marcapar.com\\\/fr\\\/#organization\"},\"potentialAction\":[{\"@type\":\"SearchAction\",\"target\":{\"@type\":\"EntryPoint\",\"urlTemplate\":\"https:\\\/\\\/marcapar.com\\\/fr\\\/?s={search_term_string}\"},\"query-input\":{\"@type\":\"PropertyValueSpecification\",\"valueRequired\":true,\"valueName\":\"search_term_string\"}}],\"inLanguage\":\"fr-FR\"},{\"@type\":\"Organization\",\"@id\":\"https:\\\/\\\/marcapar.com\\\/fr\\\/#organization\",\"name\":\"MARCAPAR\",\"url\":\"https:\\\/\\\/marcapar.com\\\/fr\\\/\",\"logo\":{\"@type\":\"ImageObject\",\"inLanguage\":\"fr-FR\",\"@id\":\"https:\\\/\\\/marcapar.com\\\/fr\\\/#\\\/schema\\\/logo\\\/image\\\/\",\"url\":\"https:\\\/\\\/marcapar.com\\\/wp-content\\\/uploads\\\/2024\\\/12\\\/logo.svg\",\"contentUrl\":\"https:\\\/\\\/marcapar.com\\\/wp-content\\\/uploads\\\/2024\\\/12\\\/logo.svg\",\"caption\":\"MARCAPAR\"},\"image\":{\"@id\":\"https:\\\/\\\/marcapar.com\\\/fr\\\/#\\\/schema\\\/logo\\\/image\\\/\"}},{\"@type\":\"Person\",\"@id\":\"https:\\\/\\\/marcapar.com\\\/fr\\\/#\\\/schema\\\/person\\\/5da6224fccb00f3c52d91a20d1cd4c54\",\"name\":\"Manon\",\"image\":{\"@type\":\"ImageObject\",\"inLanguage\":\"fr-FR\",\"@id\":\"https:\\\/\\\/secure.gravatar.com\\\/avatar\\\/55fe278dbc401b88d4c474d55f6dbd37f7ca81473b1f48499b22eadf01992cda?s=96&d=mm&r=g\",\"url\":\"https:\\\/\\\/secure.gravatar.com\\\/avatar\\\/55fe278dbc401b88d4c474d55f6dbd37f7ca81473b1f48499b22eadf01992cda?s=96&d=mm&r=g\",\"contentUrl\":\"https:\\\/\\\/secure.gravatar.com\\\/avatar\\\/55fe278dbc401b88d4c474d55f6dbd37f7ca81473b1f48499b22eadf01992cda?s=96&d=mm&r=g\",\"caption\":\"Manon\"},\"url\":\"https:\\\/\\\/marcapar.com\\\/fr\\\/conseils-dexperts\\\/author\\\/manon\\\/\"}]}<\/script>\n<!-- \/ Yoast SEO plugin. -->","yoast_head_json":{"title":"Comment r\u00e9parer ses cheveux apr\u00e8s l'\u00e9t\u00e9 ? - MARCAPAR","robots":{"index":"index","follow":"follow","max-snippet":"max-snippet:-1","max-image-preview":"max-image-preview:large","max-video-preview":"max-video-preview:-1"},"canonical":"https:\/\/marcapar.com\/fr\/conseils-dexperts\/comment-reparer-ses-cheveux-apres-lete\/","og_locale":"fr_FR","og_type":"article","og_title":"Comment r\u00e9parer ses cheveux apr\u00e8s l'\u00e9t\u00e9 ? - MARCAPAR","og_description":"Apr\u00e8s l\u2019\u00e9t\u00e9, les cheveux sont souvent secs, ternes, fragilis\u00e9s par le soleil, le sel et le chlore. Voici nos conseils d'experts pour les r\u00e9parer et leur permettre de retrouver leur force et \u00e9clat !","og_url":"https:\/\/marcapar.com\/fr\/conseils-dexperts\/comment-reparer-ses-cheveux-apres-lete\/","og_site_name":"MARCAPAR","article_published_time":"2025-08-27T14:46:42+00:00","article_modified_time":"2025-08-27T14:46:44+00:00","og_image":[{"width":1856,"height":1856,"url":"https:\/\/marcapar.com\/wp-content\/uploads\/2025\/08\/AdobeStock_403117806-edited-1.jpeg","type":"image\/jpeg"}],"author":"Manon","twitter_card":"summary_large_image","twitter_misc":{"\u00c9crit par":"Manon","Dur\u00e9e de lecture estim\u00e9e":"6 minutes"},"schema":{"@context":"https:\/\/schema.org","@graph":[{"@type":"Article","@id":"https:\/\/marcapar.com\/fr\/conseils-dexperts\/comment-reparer-ses-cheveux-apres-lete\/#article","isPartOf":{"@id":"https:\/\/marcapar.com\/fr\/conseils-dexperts\/comment-reparer-ses-cheveux-apres-lete\/"},"author":{"name":"Manon","@id":"https:\/\/marcapar.com\/fr\/#\/schema\/person\/5da6224fccb00f3c52d91a20d1cd4c54"},"headline":"Comment r\u00e9parer ses cheveux apr\u00e8s l&rsquo;\u00e9t\u00e9 ?","datePublished":"2025-08-27T14:46:42+00:00","dateModified":"2025-08-27T14:46:44+00:00","mainEntityOfPage":{"@id":"https:\/\/marcapar.com\/fr\/conseils-dexperts\/comment-reparer-ses-cheveux-apres-lete\/"},"wordCount":809,"commentCount":0,"publisher":{"@id":"https:\/\/marcapar.com\/fr\/#organization"},"image":{"@id":"https:\/\/marcapar.com\/fr\/conseils-dexperts\/comment-reparer-ses-cheveux-apres-lete\/#primaryimage"},"thumbnailUrl":"https:\/\/marcapar.com\/wp-content\/uploads\/2025\/08\/AdobeStock_403117806-edited-1.jpeg","articleSection":["Beaut\u00e9 et Sant\u00e9","Non classifi\u00e9(e)"],"inLanguage":"fr-FR","potentialAction":[{"@type":"CommentAction","name":"Comment","target":["https:\/\/marcapar.com\/fr\/conseils-dexperts\/comment-reparer-ses-cheveux-apres-lete\/#respond"]}]},{"@type":"WebPage","@id":"https:\/\/marcapar.com\/fr\/conseils-dexperts\/comment-reparer-ses-cheveux-apres-lete\/","url":"https:\/\/marcapar.com\/fr\/conseils-dexperts\/comment-reparer-ses-cheveux-apres-lete\/","name":"Comment r\u00e9parer ses cheveux apr\u00e8s l'\u00e9t\u00e9 ? - MARCAPAR","isPartOf":{"@id":"https:\/\/marcapar.com\/fr\/#website"},"primaryImageOfPage":{"@id":"https:\/\/marcapar.com\/fr\/conseils-dexperts\/comment-reparer-ses-cheveux-apres-lete\/#primaryimage"},"image":{"@id":"https:\/\/marcapar.com\/fr\/conseils-dexperts\/comment-reparer-ses-cheveux-apres-lete\/#primaryimage"},"thumbnailUrl":"https:\/\/marcapar.com\/wp-content\/uploads\/2025\/08\/AdobeStock_403117806-edited-1.jpeg","datePublished":"2025-08-27T14:46:42+00:00","dateModified":"2025-08-27T14:46:44+00:00","breadcrumb":{"@id":"https:\/\/marcapar.com\/fr\/conseils-dexperts\/comment-reparer-ses-cheveux-apres-lete\/#breadcrumb"},"inLanguage":"fr-FR","potentialAction":[{"@type":"ReadAction","target":["https:\/\/marcapar.com\/fr\/conseils-dexperts\/comment-reparer-ses-cheveux-apres-lete\/"]}]},{"@type":"ImageObject","inLanguage":"fr-FR","@id":"https:\/\/marcapar.com\/fr\/conseils-dexperts\/comment-reparer-ses-cheveux-apres-lete\/#primaryimage","url":"https:\/\/marcapar.com\/wp-content\/uploads\/2025\/08\/AdobeStock_403117806-edited-1.jpeg","contentUrl":"https:\/\/marcapar.com\/wp-content\/uploads\/2025\/08\/AdobeStock_403117806-edited-1.jpeg","width":1856,"height":1856,"caption":"Coupe pointes"},{"@type":"BreadcrumbList","@id":"https:\/\/marcapar.com\/fr\/conseils-dexperts\/comment-reparer-ses-cheveux-apres-lete\/#breadcrumb","itemListElement":[{"@type":"ListItem","position":1,"name":"Accueil","item":"https:\/\/marcapar.com\/fr\/"},{"@type":"ListItem","position":2,"name":"Beaut\u00e9 et Sant\u00e9","item":"https:\/\/marcapar.com\/fr\/conseils-dexperts\/category\/beaute-et-sante\/"},{"@type":"ListItem","position":3,"name":"Comment r\u00e9parer ses cheveux apr\u00e8s l&rsquo;\u00e9t\u00e9 ?"}]},{"@type":"WebSite","@id":"https:\/\/marcapar.com\/fr\/#website","url":"https:\/\/marcapar.com\/fr\/","name":"MARCAPAR","description":"La r\u00e9f\u00e9rence de la coloration v\u00e9g\u00e9tale","publisher":{"@id":"https:\/\/marcapar.com\/fr\/#organization"},"potentialAction":[{"@type":"SearchAction","target":{"@type":"EntryPoint","urlTemplate":"https:\/\/marcapar.com\/fr\/?s={search_term_string}"},"query-input":{"@type":"PropertyValueSpecification","valueRequired":true,"valueName":"search_term_string"}}],"inLanguage":"fr-FR"},{"@type":"Organization","@id":"https:\/\/marcapar.com\/fr\/#organization","name":"MARCAPAR","url":"https:\/\/marcapar.com\/fr\/","logo":{"@type":"ImageObject","inLanguage":"fr-FR","@id":"https:\/\/marcapar.com\/fr\/#\/schema\/logo\/image\/","url":"https:\/\/marcapar.com\/wp-content\/uploads\/2024\/12\/logo.svg","contentUrl":"https:\/\/marcapar.com\/wp-content\/uploads\/2024\/12\/logo.svg","caption":"MARCAPAR"},"image":{"@id":"https:\/\/marcapar.com\/fr\/#\/schema\/logo\/image\/"}},{"@type":"Person","@id":"https:\/\/marcapar.com\/fr\/#\/schema\/person\/5da6224fccb00f3c52d91a20d1cd4c54","name":"Manon","image":{"@type":"ImageObject","inLanguage":"fr-FR","@id":"https:\/\/secure.gravatar.com\/avatar\/55fe278dbc401b88d4c474d55f6dbd37f7ca81473b1f48499b22eadf01992cda?s=96&d=mm&r=g","url":"https:\/\/secure.gravatar.com\/avatar\/55fe278dbc401b88d4c474d55f6dbd37f7ca81473b1f48499b22eadf01992cda?s=96&d=mm&r=g","contentUrl":"https:\/\/secure.gravatar.com\/avatar\/55fe278dbc401b88d4c474d55f6dbd37f7ca81473b1f48499b22eadf01992cda?s=96&d=mm&r=g","caption":"Manon"},"url":"https:\/\/marcapar.com\/fr\/conseils-dexperts\/author\/manon\/"}]}},"_links":{"self":[{"href":"https:\/\/marcapar.com\/fr\/wp-json\/wp\/v2\/posts\/5888","targetHints":{"allow":["GET"]}}],"collection":[{"href":"https:\/\/marcapar.com\/fr\/wp-json\/wp\/v2\/posts"}],"about":[{"href":"https:\/\/marcapar.com\/fr\/wp-json\/wp\/v2\/types\/post"}],"author":[{"embeddable":true,"href":"https:\/\/marcapar.com\/fr\/wp-json\/wp\/v2\/users\/3"}],"replies":[{"embeddable":true,"href":"https:\/\/marcapar.com\/fr\/wp-json\/wp\/v2\/comments?post=5888"}],"version-history":[{"count":31,"href":"https:\/\/marcapar.com\/fr\/wp-json\/wp\/v2\/posts\/5888\/revisions"}],"predecessor-version":[{"id":6013,"href":"https:\/\/marcapar.com\/fr\/wp-json\/wp\/v2\/posts\/5888\/revisions\/6013"}],"wp:featuredmedia":[{"embeddable":true,"href":"https:\/\/marcapar.com\/fr\/wp-json\/wp\/v2\/media\/6004"}],"wp:attachment":[{"href":"https:\/\/marcapar.com\/fr\/wp-json\/wp\/v2\/media?parent=5888"}],"wp:term":[{"taxonomy":"category","embeddable":true,"href":"https:\/\/marcapar.com\/fr\/wp-json\/wp\/v2\/categories?post=5888"},{"taxonomy":"post_tag","embeddable":true,"href":"https:\/\/marcapar.com\/fr\/wp-json\/wp\/v2\/tags?post=5888"}],"curies":[{"name":"wp","href":"https:\/\/api.w.org\/{rel}","templated":true}]}}