{"id":1615,"date":"2022-05-18T11:56:06","date_gmt":"2022-05-18T09:56:06","guid":{"rendered":"https:\/\/marcapar.com\/?p=1615"},"modified":"2025-01-21T11:25:14","modified_gmt":"2025-01-21T10:25:14","slug":"notre-routine-pour-prendre-soin-de-votre-barbe","status":"publish","type":"post","link":"https:\/\/marcapar.com\/fr\/conseils-dexperts\/notre-routine-pour-prendre-soin-de-votre-barbe\/","title":{"rendered":"Notre routine pour prendre soin de votre barbe"},"content":{"rendered":"\n<h2 class=\"wp-block-heading\">Notre routine soin de la barbe<\/h2>\n\n\n\n<h3 class=\"wp-block-heading\"><strong>Etape 1 : Nettoyer votre barbe<\/strong><\/h3>\n\n\n\n<p>Sueur, fum\u00e9e, r\u00e9sidus de repas et de liquides\u2026 votre barbe est constamment alt\u00e9r\u00e9e par des \u00e9l\u00e9ments ext\u00e9rieurs. Il est donc primordial de la nettoyer en profondeur pour l\u2019assainir durablement. Pour cela, nous vous conseillons le shampooing cheveux et barbe MARCAPAR Barbier.<\/p>\n\n\n\n<div class=\"wp-block-media-text is-stacked-on-mobile\" style=\"grid-template-columns:30% auto\"><figure class=\"wp-block-media-text__media\"><img loading=\"lazy\" decoding=\"async\" width=\"775\" height=\"706\" src=\"https:\/\/marcapar.com\/wp-content\/uploads\/2022\/05\/20240909-MARCAPAR-DAY-28756-RC-rec.jpg\" alt=\"\" class=\"wp-image-2500 size-full\" srcset=\"https:\/\/marcapar.com\/wp-content\/uploads\/2022\/05\/20240909-MARCAPAR-DAY-28756-RC-rec.jpg 775w, https:\/\/marcapar.com\/wp-content\/uploads\/2022\/05\/20240909-MARCAPAR-DAY-28756-RC-rec-300x273.jpg 300w, https:\/\/marcapar.com\/wp-content\/uploads\/2022\/05\/20240909-MARCAPAR-DAY-28756-RC-rec-768x700.jpg 768w\" sizes=\"auto, (max-width: 775px) 100vw, 775px\" \/><\/figure><div class=\"wp-block-media-text__content\">\n<h4 class=\"wp-block-heading\">Shampooing cheveux et barbe<\/h4>\n\n\n\n<p>Le Shampooing cheveux et barbe est formul\u00e9 \u00e0 partir d\u2019aloe vera et de jaune d\u2019oeuf bio reconnus pour leurs propri\u00e9t\u00e9s hydratantes et nourrissantes. Il convient notamment aux cheveux secs ou cassants et aux barbes s\u00e8ches.<\/p>\n\n\n\n<h4 class=\"wp-block-heading\">Conseil d\u2019utilisation :<\/h4>\n\n\n\n<p>Appliquer le shampooing sur la barbe et le cuir chevelu sec, faire mousser avec un peu d\u2019eau puis rincer.<\/p>\n<\/div><\/div>\n\n\n\n<h3 class=\"wp-block-heading\"><strong>Etape 2 :&nbsp;Hydrater&nbsp;votre peau<\/strong><\/h3>\n\n\n\n<p>Pour \u00e9viter les sensations d\u00e9sagr\u00e9ables \u2013 tiraillements, d\u00e9mangeaisons, s\u00e9cheresse \u2013 il est important d\u2019hydrater votre peau. Pour \u00e9viter les sensations d\u00e9sagr\u00e9ables \u2013 tiraillements, d\u00e9mangeaisons, s\u00e9cheresse \u2013 il est important d\u2019hydrater votre peau. Cela permettra aussi de diminuer les poils r\u00eaches, ternes ou incarn\u00e9s, pour une repousse saine et robuste. L\u2019id\u00e9al, c\u2019est la Cr\u00e8me hydratante MARCAPAR Barbier.<\/p>\n\n\n\n<div class=\"wp-block-media-text is-stacked-on-mobile\" style=\"grid-template-columns:30% auto\"><figure class=\"wp-block-media-text__media\"><img loading=\"lazy\" decoding=\"async\" width=\"775\" height=\"706\" src=\"https:\/\/marcapar.com\/wp-content\/uploads\/2022\/05\/20240909-MARCAPAR-DAY-28728-RCrec.jpg\" alt=\"\" class=\"wp-image-2501 size-full\" srcset=\"https:\/\/marcapar.com\/wp-content\/uploads\/2022\/05\/20240909-MARCAPAR-DAY-28728-RCrec.jpg 775w, https:\/\/marcapar.com\/wp-content\/uploads\/2022\/05\/20240909-MARCAPAR-DAY-28728-RCrec-300x273.jpg 300w, https:\/\/marcapar.com\/wp-content\/uploads\/2022\/05\/20240909-MARCAPAR-DAY-28728-RCrec-768x700.jpg 768w\" sizes=\"auto, (max-width: 775px) 100vw, 775px\" \/><\/figure><div class=\"wp-block-media-text__content\">\n<h4 class=\"wp-block-heading\">Cr\u00e8me hydratante<\/h4>\n\n\n\n<p>La Cr\u00e8me hydratante est formul\u00e9e \u00e0 partir d\u2019huile v\u00e9g\u00e9tale de jojoba aux vertus ultra-hydratantes. Elle p\u00e9n\u00e8tre rapidement la peau pour un soin hydratant quotidien. En apr\u00e8s-rasage, les vertus cicatrisantes de l\u2019huile de jojoba permettent d\u2019apaiser le feu du rasoir.<\/p>\n\n\n\n<h4 class=\"wp-block-heading\">Conseil d\u2019utilisation :<\/h4>\n\n\n\n<p>Apr\u00e8s le passage de la lame ou en soin quotidien, chauffer une noisette de cr\u00e8me en la frictionnant entre les mains, puis masser le visage.<\/p>\n<\/div><\/div>\n\n\n\n<p>A noter qu\u2019une peau en bonne sant\u00e9 est la cl\u00e9 de la robustesse et de la force de vos poils de barbe mais aussi d\u2019une densit\u00e9 optimale.<\/p>\n\n\n\n<h3 class=\"wp-block-heading\">Etape 3 : Discipliner les poils de votre barbe<\/h3>\n\n\n\n<p>Pour une belle barbe douce, souple, brillante et bien en place, pensez aux soins nourrissants et disciplinants. Huile barbe ou baume barbe, fa\u00eetes votre choix !<\/p>\n\n\n\n<div class=\"wp-block-media-text is-stacked-on-mobile\" style=\"grid-template-columns:30% auto\"><figure class=\"wp-block-media-text__media\"><img loading=\"lazy\" decoding=\"async\" width=\"775\" height=\"706\" src=\"https:\/\/marcapar.com\/wp-content\/uploads\/2022\/05\/20240909-MARCAPAR-DAY-28760-RC-rec.jpg\" alt=\"\" class=\"wp-image-2503 size-full\" srcset=\"https:\/\/marcapar.com\/wp-content\/uploads\/2022\/05\/20240909-MARCAPAR-DAY-28760-RC-rec.jpg 775w, https:\/\/marcapar.com\/wp-content\/uploads\/2022\/05\/20240909-MARCAPAR-DAY-28760-RC-rec-300x273.jpg 300w, https:\/\/marcapar.com\/wp-content\/uploads\/2022\/05\/20240909-MARCAPAR-DAY-28760-RC-rec-768x700.jpg 768w\" sizes=\"auto, (max-width: 775px) 100vw, 775px\" \/><\/figure><div class=\"wp-block-media-text__content\">\n<h4 class=\"wp-block-heading\"><strong>Huile barbe<\/strong><\/h4>\n\n\n\n<p>L\u2019Huile barbe est un cocktail d\u2019huiles v\u00e9g\u00e9tales bio : argan, noyau d\u2019abricot et jojoba dont les vertus sont connues pour adoucir la barbe tout en lui donnant force, \u00e9clat et volume.<\/p>\n\n\n\n<h4 class=\"wp-block-heading\">Conseil d\u2019utilisation :<\/h4>\n\n\n\n<p>Frictionner quelques gouttes d\u2019huile dans la main. Appliquer \u00e0 rebrousse-poil sur la barbe pendant 30 secondes puis coiffer la barbe.<\/p>\n<\/div><\/div>\n\n\n\n<div style=\"height:14px\" aria-hidden=\"true\" class=\"wp-block-spacer\"><\/div>\n\n\n\n<div class=\"wp-block-media-text is-stacked-on-mobile\" style=\"grid-template-columns:30% auto\"><figure class=\"wp-block-media-text__media\"><img loading=\"lazy\" decoding=\"async\" width=\"775\" height=\"706\" src=\"https:\/\/marcapar.com\/wp-content\/uploads\/2022\/05\/20240909-MARCAPAR-DAY-28740-RC-Rec.jpg\" alt=\"\" class=\"wp-image-2504 size-full\" srcset=\"https:\/\/marcapar.com\/wp-content\/uploads\/2022\/05\/20240909-MARCAPAR-DAY-28740-RC-Rec.jpg 775w, https:\/\/marcapar.com\/wp-content\/uploads\/2022\/05\/20240909-MARCAPAR-DAY-28740-RC-Rec-300x273.jpg 300w, https:\/\/marcapar.com\/wp-content\/uploads\/2022\/05\/20240909-MARCAPAR-DAY-28740-RC-Rec-768x700.jpg 768w\" sizes=\"auto, (max-width: 775px) 100vw, 775px\" \/><\/figure><div class=\"wp-block-media-text__content\">\n<h4 class=\"wp-block-heading\"><strong>Baume barbe<\/strong><\/h4>\n\n\n\n<p>Le Baume barbe se compose de beurre de karit\u00e9 et d\u2019huile d\u2019argan connus pour leurs vertus nourrissantes. Associ\u00e9s, ils restaurent l\u2019\u00e9lasticit\u00e9 de la peau et redonnent brillance et souplesse aux poils de la barbe.<\/p>\n\n\n\n<h4 class=\"wp-block-heading\"><strong>Conseil d\u2019utilisation :<\/strong><\/h4>\n\n\n\n<p>Pr\u00e9lever et chauffer une noisette de baume dans le creux de la main. Appliquer sur la barbe en prenant soin d\u2019aller jusqu\u2019\u00e0 la peau en dessous. Peigner ou brosser la barbe pour permettre une r\u00e9partition optimale et styliser la barbe.<\/p>\n<\/div><\/div>\n\n\n\n<h3 class=\"wp-block-heading\">Etape 4 : Coiffer votre barbe<\/h3>\n\n\n\n<p>D\u00e9m\u00ealer et structurer vos poils ! Pour cela, brosser d\u00e9licatement votre barbe dans le sens du poil. Ce geste simple et r\u00e9gulier permet d\u2019\u00e9liminer les poussi\u00e8res et autres \u00e9l\u00e9ments ind\u00e9sirables qui se sont gliss\u00e9s \u00e0 l\u2019int\u00e9rieur de votre barbe\u2026<\/p>\n\n\n\n<p>Pour cela, la gamme MARCAPAR Barbier dispose de plusieurs options. Parmi elles :<\/p>\n\n\n\n<figure class=\"wp-block-gallery has-nested-images columns-default is-cropped wp-block-gallery-1 is-layout-flex wp-block-gallery-is-layout-flex\">\n<figure class=\"wp-block-image size-large\"><img loading=\"lazy\" decoding=\"async\" width=\"1024\" height=\"1024\" data-id=\"1649\" src=\"https:\/\/marcapar.com\/wp-content\/uploads\/2024\/12\/brosse-2-1136x1136-2-1024x1024.jpg\" alt=\"\" class=\"wp-image-1649\" srcset=\"https:\/\/marcapar.com\/wp-content\/uploads\/2024\/12\/brosse-2-1136x1136-2-1024x1024.jpg 1024w, https:\/\/marcapar.com\/wp-content\/uploads\/2024\/12\/brosse-2-1136x1136-2-300x300.jpg 300w, https:\/\/marcapar.com\/wp-content\/uploads\/2024\/12\/brosse-2-1136x1136-2-150x150.jpg 150w, https:\/\/marcapar.com\/wp-content\/uploads\/2024\/12\/brosse-2-1136x1136-2-768x768.jpg 768w, https:\/\/marcapar.com\/wp-content\/uploads\/2024\/12\/brosse-2-1136x1136-2.jpg 1136w\" sizes=\"auto, (max-width: 1024px) 100vw, 1024px\" \/><\/figure>\n\n\n\n<figure class=\"wp-block-image size-large\"><img loading=\"lazy\" decoding=\"async\" width=\"992\" height=\"992\" data-id=\"1640\" src=\"https:\/\/marcapar.com\/wp-content\/uploads\/2024\/12\/Peeigne-bois-copie-3.jpg\" alt=\"\" class=\"wp-image-1640\" srcset=\"https:\/\/marcapar.com\/wp-content\/uploads\/2024\/12\/Peeigne-bois-copie-3.jpg 992w, https:\/\/marcapar.com\/wp-content\/uploads\/2024\/12\/Peeigne-bois-copie-3-300x300.jpg 300w, https:\/\/marcapar.com\/wp-content\/uploads\/2024\/12\/Peeigne-bois-copie-3-150x150.jpg 150w, https:\/\/marcapar.com\/wp-content\/uploads\/2024\/12\/Peeigne-bois-copie-3-768x768.jpg 768w\" sizes=\"auto, (max-width: 992px) 100vw, 992px\" \/><\/figure>\n\n\n\n<figure class=\"wp-block-image size-large\"><img loading=\"lazy\" decoding=\"async\" width=\"1024\" height=\"1024\" data-id=\"1642\" src=\"https:\/\/marcapar.com\/wp-content\/uploads\/2024\/12\/Petit-peigne-1136x1136-1-1024x1024.jpg\" alt=\"\" class=\"wp-image-1642\" srcset=\"https:\/\/marcapar.com\/wp-content\/uploads\/2024\/12\/Petit-peigne-1136x1136-1-1024x1024.jpg 1024w, https:\/\/marcapar.com\/wp-content\/uploads\/2024\/12\/Petit-peigne-1136x1136-1-300x300.jpg 300w, https:\/\/marcapar.com\/wp-content\/uploads\/2024\/12\/Petit-peigne-1136x1136-1-150x150.jpg 150w, https:\/\/marcapar.com\/wp-content\/uploads\/2024\/12\/Petit-peigne-1136x1136-1-768x768.jpg 768w, https:\/\/marcapar.com\/wp-content\/uploads\/2024\/12\/Petit-peigne-1136x1136-1.jpg 1136w\" sizes=\"auto, (max-width: 1024px) 100vw, 1024px\" \/><\/figure>\n<\/figure>\n\n\n\n<div style=\"height:50px\" aria-hidden=\"true\" class=\"wp-block-spacer\"><\/div>\n\n\n\n<h2 class=\"wp-block-heading\">Tracer et sculpter votre barbe<\/h2>\n\n\n\n<p>Pour que votre barbe reste propre et jolie sur le long terme, il est important de la tailler.<\/p>\n\n\n\n<p>Pour cela, vous pouvez compter sur nos salons barbiers partenaires qui sauront prendre soin de votre barbe et vous conseiller pour un style de barbe adapt\u00e9 \u00e0 votre visage et \u00e0 vos envies.<\/p>\n\n\n\n<figure class=\"wp-block-gallery has-nested-images columns-default is-cropped wp-block-gallery-2 is-layout-flex wp-block-gallery-is-layout-flex\">\n<figure class=\"wp-block-image size-large\"><img loading=\"lazy\" decoding=\"async\" width=\"928\" height=\"1024\" data-id=\"1659\" src=\"https:\/\/marcapar.com\/wp-content\/uploads\/2024\/12\/ebeauty-insta-4-928x1024.jpg\" alt=\"\" class=\"wp-image-1659\" srcset=\"https:\/\/marcapar.com\/wp-content\/uploads\/2024\/12\/ebeauty-insta-4-928x1024.jpg 928w, https:\/\/marcapar.com\/wp-content\/uploads\/2024\/12\/ebeauty-insta-4-272x300.jpg 272w, https:\/\/marcapar.com\/wp-content\/uploads\/2024\/12\/ebeauty-insta-4-768x847.jpg 768w, https:\/\/marcapar.com\/wp-content\/uploads\/2024\/12\/ebeauty-insta-4.jpg 1125w\" sizes=\"auto, (max-width: 928px) 100vw, 928px\" \/><\/figure>\n\n\n\n<figure class=\"wp-block-image size-large\"><img loading=\"lazy\" decoding=\"async\" width=\"874\" height=\"1024\" data-id=\"1655\" src=\"https:\/\/marcapar.com\/wp-content\/uploads\/2024\/12\/ebeauty-insta-5-874x1024.jpg\" alt=\"\" class=\"wp-image-1655\" srcset=\"https:\/\/marcapar.com\/wp-content\/uploads\/2024\/12\/ebeauty-insta-5-874x1024.jpg 874w, https:\/\/marcapar.com\/wp-content\/uploads\/2024\/12\/ebeauty-insta-5-256x300.jpg 256w, https:\/\/marcapar.com\/wp-content\/uploads\/2024\/12\/ebeauty-insta-5-768x900.jpg 768w, https:\/\/marcapar.com\/wp-content\/uploads\/2024\/12\/ebeauty-insta-5.jpg 1125w\" sizes=\"auto, (max-width: 874px) 100vw, 874px\" \/><\/figure>\n\n\n\n<figure class=\"wp-block-image size-large\"><img loading=\"lazy\" decoding=\"async\" width=\"992\" height=\"1024\" data-id=\"1667\" src=\"https:\/\/marcapar.com\/wp-content\/uploads\/2024\/12\/ebeauty-insta-6-1-992x1024.jpg\" alt=\"\" class=\"wp-image-1667\" srcset=\"https:\/\/marcapar.com\/wp-content\/uploads\/2024\/12\/ebeauty-insta-6-1-992x1024.jpg 992w, https:\/\/marcapar.com\/wp-content\/uploads\/2024\/12\/ebeauty-insta-6-1-291x300.jpg 291w, https:\/\/marcapar.com\/wp-content\/uploads\/2024\/12\/ebeauty-insta-6-1-768x793.jpg 768w, https:\/\/marcapar.com\/wp-content\/uploads\/2024\/12\/ebeauty-insta-6-1.jpg 1125w\" sizes=\"auto, (max-width: 992px) 100vw, 992px\" \/><\/figure>\n\n\n\n<figure class=\"wp-block-image size-large\"><img loading=\"lazy\" decoding=\"async\" width=\"768\" height=\"1024\" data-id=\"1653\" src=\"https:\/\/marcapar.com\/wp-content\/uploads\/2024\/12\/ebeauty-scaled-1-768x1024.jpeg\" alt=\"\" class=\"wp-image-1653\" srcset=\"https:\/\/marcapar.com\/wp-content\/uploads\/2024\/12\/ebeauty-scaled-1-768x1024.jpeg 768w, https:\/\/marcapar.com\/wp-content\/uploads\/2024\/12\/ebeauty-scaled-1-225x300.jpeg 225w, https:\/\/marcapar.com\/wp-content\/uploads\/2024\/12\/ebeauty-scaled-1-1152x1536.jpeg 1152w, https:\/\/marcapar.com\/wp-content\/uploads\/2024\/12\/ebeauty-scaled-1-1536x2048.jpeg 1536w, https:\/\/marcapar.com\/wp-content\/uploads\/2024\/12\/ebeauty-scaled-1.jpeg 1920w\" sizes=\"auto, (max-width: 768px) 100vw, 768px\" \/><\/figure>\n\n\n\n<figure class=\"wp-block-image size-large\"><img loading=\"lazy\" decoding=\"async\" width=\"768\" height=\"1024\" data-id=\"1671\" src=\"https:\/\/marcapar.com\/wp-content\/uploads\/2024\/12\/ebeauty-2-scaled-2-768x1024.jpeg\" alt=\"\" class=\"wp-image-1671\" srcset=\"https:\/\/marcapar.com\/wp-content\/uploads\/2024\/12\/ebeauty-2-scaled-2-768x1024.jpeg 768w, https:\/\/marcapar.com\/wp-content\/uploads\/2024\/12\/ebeauty-2-scaled-2-225x300.jpeg 225w, https:\/\/marcapar.com\/wp-content\/uploads\/2024\/12\/ebeauty-2-scaled-2-1152x1536.jpeg 1152w, https:\/\/marcapar.com\/wp-content\/uploads\/2024\/12\/ebeauty-2-scaled-2-1536x2048.jpeg 1536w, https:\/\/marcapar.com\/wp-content\/uploads\/2024\/12\/ebeauty-2-scaled-2.jpeg 1920w\" sizes=\"auto, (max-width: 768px) 100vw, 768px\" \/><\/figure>\n<\/figure>\n\n\n\n<p>En respectant cette routine, dite au-revoir aux d\u00e9mangeaisons, rougeurs, et petits boutons disgracieux, et optez pour une peau hydrat\u00e9e, une barbe soyeuse et disciplin\u00e9e !<\/p>\n\n\n\n<div style=\"height:20px\" aria-hidden=\"true\" class=\"wp-block-spacer\"><\/div>\n\n\n\n<div class=\"wp-block-buttons is-layout-flex wp-block-buttons-is-layout-flex\">\n<div class=\"wp-block-button\"><a class=\"wp-block-button__link has-white-color has-black-background-color has-text-color has-background has-link-color wp-element-button\" href=\"https:\/\/marcapar.com\/produit\/categorie\/soin-de-la-barbe\/\" style=\"border-radius:0px\" target=\"_blank\" rel=\"noreferrer noopener\">D\u00e9couvrez tous les produits de la gamme Barbier !<\/a><\/div>\n<\/div>\n","protected":false},"excerpt":{"rendered":"<p>Une barbe, c\u2019est comme une plante : \u00e7a se bichonne ! Hydratation, soin, nettoyage, coiffage\u2026 on vous donne tous nos conseils pour prendre soin de votre barbe, en quelques \u00e9tapes !<\/p>\n<p>En effet, qu\u2019elle soit longue ou courte, lisse ou fris\u00e9e, votre barbe a besoin d\u2019\u00eatre entretenue. Voici une routine simple et rapide pour une barbe saine et belle gr\u00e2ce aux bienfaits des plantes\u2026<\/p>\n","protected":false},"author":1,"featured_media":2284,"comment_status":"open","ping_status":"open","sticky":false,"template":"","format":"standard","meta":{"_acf_changed":false,"footnotes":""},"categories":[25],"tags":[],"class_list":["post-1615","post","type-post","status-publish","format-standard","has-post-thumbnail","hentry","category-beaute-et-sante"],"acf":[],"yoast_head":"<!-- This site is optimized with the Yoast SEO plugin v27.4 - https:\/\/yoast.com\/product\/yoast-seo-wordpress\/ -->\n<title>Notre routine pour prendre soin de votre barbe - MARCAPAR<\/title>\n<meta name=\"description\" content=\"Une barbe, c\u2019est comme une plante: \u00e7a se bichonne ! Hydratation, soin, nettoyage, coiffage...MARCAPAR vous donne tous ses conseils pour votre routine\" \/>\n<meta name=\"robots\" content=\"index, follow, max-snippet:-1, max-image-preview:large, max-video-preview:-1\" \/>\n<link rel=\"canonical\" href=\"https:\/\/marcapar.com\/fr\/conseils-dexperts\/notre-routine-pour-prendre-soin-de-votre-barbe\/\" \/>\n<meta property=\"og:locale\" content=\"fr_FR\" \/>\n<meta property=\"og:type\" content=\"article\" \/>\n<meta property=\"og:title\" content=\"Notre routine pour prendre soin de votre barbe - MARCAPAR\" \/>\n<meta property=\"og:description\" content=\"Une barbe, c\u2019est comme une plante: \u00e7a se bichonne ! Hydratation, soin, nettoyage, coiffage...MARCAPAR vous donne tous ses conseils pour votre routine\" \/>\n<meta property=\"og:url\" content=\"https:\/\/marcapar.com\/fr\/conseils-dexperts\/notre-routine-pour-prendre-soin-de-votre-barbe\/\" \/>\n<meta property=\"og:site_name\" content=\"MARCAPAR\" \/>\n<meta property=\"article:published_time\" content=\"2022-05-18T09:56:06+00:00\" \/>\n<meta property=\"article:modified_time\" content=\"2025-01-21T10:25:14+00:00\" \/>\n<meta property=\"og:image\" content=\"https:\/\/marcapar.com\/wp-content\/uploads\/2022\/05\/20240909-MARCAPAR-DAY-39225-RC-rec-150dpi-scaled.jpg\" \/>\n\t<meta property=\"og:image:width\" content=\"2560\" \/>\n\t<meta property=\"og:image:height\" content=\"2513\" \/>\n\t<meta property=\"og:image:type\" content=\"image\/jpeg\" \/>\n<meta name=\"author\" content=\"LesBonsTech\" \/>\n<meta name=\"twitter:card\" content=\"summary_large_image\" \/>\n<meta name=\"twitter:label1\" content=\"\u00c9crit par\" \/>\n\t<meta name=\"twitter:data1\" content=\"LesBonsTech\" \/>\n\t<meta name=\"twitter:label2\" content=\"Dur\u00e9e de lecture estim\u00e9e\" \/>\n\t<meta name=\"twitter:data2\" content=\"6 minutes\" \/>\n<script type=\"application\/ld+json\" class=\"yoast-schema-graph\">{\"@context\":\"https:\\\/\\\/schema.org\",\"@graph\":[{\"@type\":\"Article\",\"@id\":\"https:\\\/\\\/marcapar.com\\\/fr\\\/conseils-dexperts\\\/notre-routine-pour-prendre-soin-de-votre-barbe\\\/#article\",\"isPartOf\":{\"@id\":\"https:\\\/\\\/marcapar.com\\\/fr\\\/conseils-dexperts\\\/notre-routine-pour-prendre-soin-de-votre-barbe\\\/\"},\"author\":{\"name\":\"LesBonsTech\",\"@id\":\"https:\\\/\\\/marcapar.com\\\/fr\\\/#\\\/schema\\\/person\\\/3518238c28d30076f240888f77a3af86\"},\"headline\":\"Notre routine pour prendre soin de votre barbe\",\"datePublished\":\"2022-05-18T09:56:06+00:00\",\"dateModified\":\"2025-01-21T10:25:14+00:00\",\"mainEntityOfPage\":{\"@id\":\"https:\\\/\\\/marcapar.com\\\/fr\\\/conseils-dexperts\\\/notre-routine-pour-prendre-soin-de-votre-barbe\\\/\"},\"wordCount\":648,\"commentCount\":0,\"publisher\":{\"@id\":\"https:\\\/\\\/marcapar.com\\\/fr\\\/#organization\"},\"image\":{\"@id\":\"https:\\\/\\\/marcapar.com\\\/fr\\\/conseils-dexperts\\\/notre-routine-pour-prendre-soin-de-votre-barbe\\\/#primaryimage\"},\"thumbnailUrl\":\"https:\\\/\\\/marcapar.com\\\/wp-content\\\/uploads\\\/2022\\\/05\\\/20240909-MARCAPAR-DAY-39225-RC-rec-150dpi-scaled.jpg\",\"articleSection\":[\"Beaut\u00e9 et Sant\u00e9\"],\"inLanguage\":\"fr-FR\",\"potentialAction\":[{\"@type\":\"CommentAction\",\"name\":\"Comment\",\"target\":[\"https:\\\/\\\/marcapar.com\\\/fr\\\/conseils-dexperts\\\/notre-routine-pour-prendre-soin-de-votre-barbe\\\/#respond\"]}]},{\"@type\":\"WebPage\",\"@id\":\"https:\\\/\\\/marcapar.com\\\/fr\\\/conseils-dexperts\\\/notre-routine-pour-prendre-soin-de-votre-barbe\\\/\",\"url\":\"https:\\\/\\\/marcapar.com\\\/fr\\\/conseils-dexperts\\\/notre-routine-pour-prendre-soin-de-votre-barbe\\\/\",\"name\":\"Notre routine pour prendre soin de votre barbe - MARCAPAR\",\"isPartOf\":{\"@id\":\"https:\\\/\\\/marcapar.com\\\/fr\\\/#website\"},\"primaryImageOfPage\":{\"@id\":\"https:\\\/\\\/marcapar.com\\\/fr\\\/conseils-dexperts\\\/notre-routine-pour-prendre-soin-de-votre-barbe\\\/#primaryimage\"},\"image\":{\"@id\":\"https:\\\/\\\/marcapar.com\\\/fr\\\/conseils-dexperts\\\/notre-routine-pour-prendre-soin-de-votre-barbe\\\/#primaryimage\"},\"thumbnailUrl\":\"https:\\\/\\\/marcapar.com\\\/wp-content\\\/uploads\\\/2022\\\/05\\\/20240909-MARCAPAR-DAY-39225-RC-rec-150dpi-scaled.jpg\",\"datePublished\":\"2022-05-18T09:56:06+00:00\",\"dateModified\":\"2025-01-21T10:25:14+00:00\",\"description\":\"Une barbe, c\u2019est comme une plante: \u00e7a se bichonne ! Hydratation, soin, nettoyage, coiffage...MARCAPAR vous donne tous ses conseils pour votre routine\",\"breadcrumb\":{\"@id\":\"https:\\\/\\\/marcapar.com\\\/fr\\\/conseils-dexperts\\\/notre-routine-pour-prendre-soin-de-votre-barbe\\\/#breadcrumb\"},\"inLanguage\":\"fr-FR\",\"potentialAction\":[{\"@type\":\"ReadAction\",\"target\":[\"https:\\\/\\\/marcapar.com\\\/fr\\\/conseils-dexperts\\\/notre-routine-pour-prendre-soin-de-votre-barbe\\\/\"]}]},{\"@type\":\"ImageObject\",\"inLanguage\":\"fr-FR\",\"@id\":\"https:\\\/\\\/marcapar.com\\\/fr\\\/conseils-dexperts\\\/notre-routine-pour-prendre-soin-de-votre-barbe\\\/#primaryimage\",\"url\":\"https:\\\/\\\/marcapar.com\\\/wp-content\\\/uploads\\\/2022\\\/05\\\/20240909-MARCAPAR-DAY-39225-RC-rec-150dpi-scaled.jpg\",\"contentUrl\":\"https:\\\/\\\/marcapar.com\\\/wp-content\\\/uploads\\\/2022\\\/05\\\/20240909-MARCAPAR-DAY-39225-RC-rec-150dpi-scaled.jpg\",\"width\":2560,\"height\":2513},{\"@type\":\"BreadcrumbList\",\"@id\":\"https:\\\/\\\/marcapar.com\\\/fr\\\/conseils-dexperts\\\/notre-routine-pour-prendre-soin-de-votre-barbe\\\/#breadcrumb\",\"itemListElement\":[{\"@type\":\"ListItem\",\"position\":1,\"name\":\"Accueil\",\"item\":\"https:\\\/\\\/marcapar.com\\\/fr\\\/\"},{\"@type\":\"ListItem\",\"position\":2,\"name\":\"Beaut\u00e9 et Sant\u00e9\",\"item\":\"https:\\\/\\\/marcapar.com\\\/fr\\\/conseils-dexperts\\\/category\\\/beaute-et-sante\\\/\"},{\"@type\":\"ListItem\",\"position\":3,\"name\":\"Notre routine pour prendre soin de votre barbe\"}]},{\"@type\":\"WebSite\",\"@id\":\"https:\\\/\\\/marcapar.com\\\/fr\\\/#website\",\"url\":\"https:\\\/\\\/marcapar.com\\\/fr\\\/\",\"name\":\"MARCAPAR\",\"description\":\"La r\u00e9f\u00e9rence de la coloration v\u00e9g\u00e9tale\",\"publisher\":{\"@id\":\"https:\\\/\\\/marcapar.com\\\/fr\\\/#organization\"},\"potentialAction\":[{\"@type\":\"SearchAction\",\"target\":{\"@type\":\"EntryPoint\",\"urlTemplate\":\"https:\\\/\\\/marcapar.com\\\/fr\\\/?s={search_term_string}\"},\"query-input\":{\"@type\":\"PropertyValueSpecification\",\"valueRequired\":true,\"valueName\":\"search_term_string\"}}],\"inLanguage\":\"fr-FR\"},{\"@type\":\"Organization\",\"@id\":\"https:\\\/\\\/marcapar.com\\\/fr\\\/#organization\",\"name\":\"MARCAPAR\",\"url\":\"https:\\\/\\\/marcapar.com\\\/fr\\\/\",\"logo\":{\"@type\":\"ImageObject\",\"inLanguage\":\"fr-FR\",\"@id\":\"https:\\\/\\\/marcapar.com\\\/fr\\\/#\\\/schema\\\/logo\\\/image\\\/\",\"url\":\"https:\\\/\\\/marcapar.com\\\/wp-content\\\/uploads\\\/2024\\\/12\\\/logo.svg\",\"contentUrl\":\"https:\\\/\\\/marcapar.com\\\/wp-content\\\/uploads\\\/2024\\\/12\\\/logo.svg\",\"caption\":\"MARCAPAR\"},\"image\":{\"@id\":\"https:\\\/\\\/marcapar.com\\\/fr\\\/#\\\/schema\\\/logo\\\/image\\\/\"}},{\"@type\":\"Person\",\"@id\":\"https:\\\/\\\/marcapar.com\\\/fr\\\/#\\\/schema\\\/person\\\/3518238c28d30076f240888f77a3af86\",\"name\":\"LesBonsTech\",\"image\":{\"@type\":\"ImageObject\",\"inLanguage\":\"fr-FR\",\"@id\":\"https:\\\/\\\/secure.gravatar.com\\\/avatar\\\/61cf68de3c1e49057f8edd17c00046c142843d5af84415cd3dfa6ac53edf9750?s=96&d=mm&r=g\",\"url\":\"https:\\\/\\\/secure.gravatar.com\\\/avatar\\\/61cf68de3c1e49057f8edd17c00046c142843d5af84415cd3dfa6ac53edf9750?s=96&d=mm&r=g\",\"contentUrl\":\"https:\\\/\\\/secure.gravatar.com\\\/avatar\\\/61cf68de3c1e49057f8edd17c00046c142843d5af84415cd3dfa6ac53edf9750?s=96&d=mm&r=g\",\"caption\":\"LesBonsTech\"},\"sameAs\":[\"https:\\\/\\\/marcapar.com\"],\"url\":\"https:\\\/\\\/marcapar.com\\\/fr\\\/conseils-dexperts\\\/author\\\/lesbonstech\\\/\"}]}<\/script>\n<!-- \/ Yoast SEO plugin. -->","yoast_head_json":{"title":"Notre routine pour prendre soin de votre barbe - MARCAPAR","description":"Une barbe, c\u2019est comme une plante: \u00e7a se bichonne ! Hydratation, soin, nettoyage, coiffage...MARCAPAR vous donne tous ses conseils pour votre routine","robots":{"index":"index","follow":"follow","max-snippet":"max-snippet:-1","max-image-preview":"max-image-preview:large","max-video-preview":"max-video-preview:-1"},"canonical":"https:\/\/marcapar.com\/fr\/conseils-dexperts\/notre-routine-pour-prendre-soin-de-votre-barbe\/","og_locale":"fr_FR","og_type":"article","og_title":"Notre routine pour prendre soin de votre barbe - MARCAPAR","og_description":"Une barbe, c\u2019est comme une plante: \u00e7a se bichonne ! Hydratation, soin, nettoyage, coiffage...MARCAPAR vous donne tous ses conseils pour votre routine","og_url":"https:\/\/marcapar.com\/fr\/conseils-dexperts\/notre-routine-pour-prendre-soin-de-votre-barbe\/","og_site_name":"MARCAPAR","article_published_time":"2022-05-18T09:56:06+00:00","article_modified_time":"2025-01-21T10:25:14+00:00","og_image":[{"width":2560,"height":2513,"url":"https:\/\/marcapar.com\/wp-content\/uploads\/2022\/05\/20240909-MARCAPAR-DAY-39225-RC-rec-150dpi-scaled.jpg","type":"image\/jpeg"}],"author":"LesBonsTech","twitter_card":"summary_large_image","twitter_misc":{"\u00c9crit par":"LesBonsTech","Dur\u00e9e de lecture estim\u00e9e":"6 minutes"},"schema":{"@context":"https:\/\/schema.org","@graph":[{"@type":"Article","@id":"https:\/\/marcapar.com\/fr\/conseils-dexperts\/notre-routine-pour-prendre-soin-de-votre-barbe\/#article","isPartOf":{"@id":"https:\/\/marcapar.com\/fr\/conseils-dexperts\/notre-routine-pour-prendre-soin-de-votre-barbe\/"},"author":{"name":"LesBonsTech","@id":"https:\/\/marcapar.com\/fr\/#\/schema\/person\/3518238c28d30076f240888f77a3af86"},"headline":"Notre routine pour prendre soin de votre barbe","datePublished":"2022-05-18T09:56:06+00:00","dateModified":"2025-01-21T10:25:14+00:00","mainEntityOfPage":{"@id":"https:\/\/marcapar.com\/fr\/conseils-dexperts\/notre-routine-pour-prendre-soin-de-votre-barbe\/"},"wordCount":648,"commentCount":0,"publisher":{"@id":"https:\/\/marcapar.com\/fr\/#organization"},"image":{"@id":"https:\/\/marcapar.com\/fr\/conseils-dexperts\/notre-routine-pour-prendre-soin-de-votre-barbe\/#primaryimage"},"thumbnailUrl":"https:\/\/marcapar.com\/wp-content\/uploads\/2022\/05\/20240909-MARCAPAR-DAY-39225-RC-rec-150dpi-scaled.jpg","articleSection":["Beaut\u00e9 et Sant\u00e9"],"inLanguage":"fr-FR","potentialAction":[{"@type":"CommentAction","name":"Comment","target":["https:\/\/marcapar.com\/fr\/conseils-dexperts\/notre-routine-pour-prendre-soin-de-votre-barbe\/#respond"]}]},{"@type":"WebPage","@id":"https:\/\/marcapar.com\/fr\/conseils-dexperts\/notre-routine-pour-prendre-soin-de-votre-barbe\/","url":"https:\/\/marcapar.com\/fr\/conseils-dexperts\/notre-routine-pour-prendre-soin-de-votre-barbe\/","name":"Notre routine pour prendre soin de votre barbe - MARCAPAR","isPartOf":{"@id":"https:\/\/marcapar.com\/fr\/#website"},"primaryImageOfPage":{"@id":"https:\/\/marcapar.com\/fr\/conseils-dexperts\/notre-routine-pour-prendre-soin-de-votre-barbe\/#primaryimage"},"image":{"@id":"https:\/\/marcapar.com\/fr\/conseils-dexperts\/notre-routine-pour-prendre-soin-de-votre-barbe\/#primaryimage"},"thumbnailUrl":"https:\/\/marcapar.com\/wp-content\/uploads\/2022\/05\/20240909-MARCAPAR-DAY-39225-RC-rec-150dpi-scaled.jpg","datePublished":"2022-05-18T09:56:06+00:00","dateModified":"2025-01-21T10:25:14+00:00","description":"Une barbe, c\u2019est comme une plante: \u00e7a se bichonne ! Hydratation, soin, nettoyage, coiffage...MARCAPAR vous donne tous ses conseils pour votre routine","breadcrumb":{"@id":"https:\/\/marcapar.com\/fr\/conseils-dexperts\/notre-routine-pour-prendre-soin-de-votre-barbe\/#breadcrumb"},"inLanguage":"fr-FR","potentialAction":[{"@type":"ReadAction","target":["https:\/\/marcapar.com\/fr\/conseils-dexperts\/notre-routine-pour-prendre-soin-de-votre-barbe\/"]}]},{"@type":"ImageObject","inLanguage":"fr-FR","@id":"https:\/\/marcapar.com\/fr\/conseils-dexperts\/notre-routine-pour-prendre-soin-de-votre-barbe\/#primaryimage","url":"https:\/\/marcapar.com\/wp-content\/uploads\/2022\/05\/20240909-MARCAPAR-DAY-39225-RC-rec-150dpi-scaled.jpg","contentUrl":"https:\/\/marcapar.com\/wp-content\/uploads\/2022\/05\/20240909-MARCAPAR-DAY-39225-RC-rec-150dpi-scaled.jpg","width":2560,"height":2513},{"@type":"BreadcrumbList","@id":"https:\/\/marcapar.com\/fr\/conseils-dexperts\/notre-routine-pour-prendre-soin-de-votre-barbe\/#breadcrumb","itemListElement":[{"@type":"ListItem","position":1,"name":"Accueil","item":"https:\/\/marcapar.com\/fr\/"},{"@type":"ListItem","position":2,"name":"Beaut\u00e9 et Sant\u00e9","item":"https:\/\/marcapar.com\/fr\/conseils-dexperts\/category\/beaute-et-sante\/"},{"@type":"ListItem","position":3,"name":"Notre routine pour prendre soin de votre barbe"}]},{"@type":"WebSite","@id":"https:\/\/marcapar.com\/fr\/#website","url":"https:\/\/marcapar.com\/fr\/","name":"MARCAPAR","description":"La r\u00e9f\u00e9rence de la coloration v\u00e9g\u00e9tale","publisher":{"@id":"https:\/\/marcapar.com\/fr\/#organization"},"potentialAction":[{"@type":"SearchAction","target":{"@type":"EntryPoint","urlTemplate":"https:\/\/marcapar.com\/fr\/?s={search_term_string}"},"query-input":{"@type":"PropertyValueSpecification","valueRequired":true,"valueName":"search_term_string"}}],"inLanguage":"fr-FR"},{"@type":"Organization","@id":"https:\/\/marcapar.com\/fr\/#organization","name":"MARCAPAR","url":"https:\/\/marcapar.com\/fr\/","logo":{"@type":"ImageObject","inLanguage":"fr-FR","@id":"https:\/\/marcapar.com\/fr\/#\/schema\/logo\/image\/","url":"https:\/\/marcapar.com\/wp-content\/uploads\/2024\/12\/logo.svg","contentUrl":"https:\/\/marcapar.com\/wp-content\/uploads\/2024\/12\/logo.svg","caption":"MARCAPAR"},"image":{"@id":"https:\/\/marcapar.com\/fr\/#\/schema\/logo\/image\/"}},{"@type":"Person","@id":"https:\/\/marcapar.com\/fr\/#\/schema\/person\/3518238c28d30076f240888f77a3af86","name":"LesBonsTech","image":{"@type":"ImageObject","inLanguage":"fr-FR","@id":"https:\/\/secure.gravatar.com\/avatar\/61cf68de3c1e49057f8edd17c00046c142843d5af84415cd3dfa6ac53edf9750?s=96&d=mm&r=g","url":"https:\/\/secure.gravatar.com\/avatar\/61cf68de3c1e49057f8edd17c00046c142843d5af84415cd3dfa6ac53edf9750?s=96&d=mm&r=g","contentUrl":"https:\/\/secure.gravatar.com\/avatar\/61cf68de3c1e49057f8edd17c00046c142843d5af84415cd3dfa6ac53edf9750?s=96&d=mm&r=g","caption":"LesBonsTech"},"sameAs":["https:\/\/marcapar.com"],"url":"https:\/\/marcapar.com\/fr\/conseils-dexperts\/author\/lesbonstech\/"}]}},"_links":{"self":[{"href":"https:\/\/marcapar.com\/fr\/wp-json\/wp\/v2\/posts\/1615","targetHints":{"allow":["GET"]}}],"collection":[{"href":"https:\/\/marcapar.com\/fr\/wp-json\/wp\/v2\/posts"}],"about":[{"href":"https:\/\/marcapar.com\/fr\/wp-json\/wp\/v2\/types\/post"}],"author":[{"embeddable":true,"href":"https:\/\/marcapar.com\/fr\/wp-json\/wp\/v2\/users\/1"}],"replies":[{"embeddable":true,"href":"https:\/\/marcapar.com\/fr\/wp-json\/wp\/v2\/comments?post=1615"}],"version-history":[{"count":9,"href":"https:\/\/marcapar.com\/fr\/wp-json\/wp\/v2\/posts\/1615\/revisions"}],"predecessor-version":[{"id":2595,"href":"https:\/\/marcapar.com\/fr\/wp-json\/wp\/v2\/posts\/1615\/revisions\/2595"}],"wp:featuredmedia":[{"embeddable":true,"href":"https:\/\/marcapar.com\/fr\/wp-json\/wp\/v2\/media\/2284"}],"wp:attachment":[{"href":"https:\/\/marcapar.com\/fr\/wp-json\/wp\/v2\/media?parent=1615"}],"wp:term":[{"taxonomy":"category","embeddable":true,"href":"https:\/\/marcapar.com\/fr\/wp-json\/wp\/v2\/categories?post=1615"},{"taxonomy":"post_tag","embeddable":true,"href":"https:\/\/marcapar.com\/fr\/wp-json\/wp\/v2\/tags?post=1615"}],"curies":[{"name":"wp","href":"https:\/\/api.w.org\/{rel}","templated":true}]}}