{"id":1404,"date":"2022-04-29T10:18:09","date_gmt":"2022-04-29T08:18:09","guid":{"rendered":"https:\/\/marcapar.com\/?p=1404"},"modified":"2025-01-14T16:47:37","modified_gmt":"2025-01-14T15:47:37","slug":"synergie-huiles-vegetales-huiles-essentielles-quesaco","status":"publish","type":"post","link":"https:\/\/marcapar.com\/fr\/conseils-dexperts\/synergie-huiles-vegetales-huiles-essentielles-quesaco\/","title":{"rendered":"Synergie, huiles v\u00e9g\u00e9tales, huiles essentielles\u2026"},"content":{"rendered":"\n<h2 class=\"wp-block-heading\">Qu\u2019est-ce qu\u2019une synergie d\u2019huiles v\u00e9g\u00e9tales et d\u2019huiles essentielles ?<\/h2>\n\n\n\n<p>Une synergie a pour but de r\u00e9unir les propri\u00e9t\u00e9s des huiles v\u00e9g\u00e9tales et des huiles essentielles en une seule et m\u00eame formule. Ce m\u00e9lange permet aux huiles essentielles de se solubiliser dans les huiles v\u00e9g\u00e9tales, qui vont ainsi v\u00e9hiculer leurs mol\u00e9cules actives.<\/p>\n\n\n\n<h2 class=\"wp-block-heading\">Huile v\u00e9g\u00e9tale et huile essentielle, quelles diff\u00e9rences\u00a0?<\/h2>\n\n\n\n<p>Les premiers usages m\u00e9dicinaux des plantes remontent \u00e0 la pr\u00e9histoire. Dans toutes les m\u00e9decines des grandes civilisations de l\u2019antiquit\u00e9 on documente l\u2019utilisation des plantes ! Le plus ancien document est un papyrus datant de 1500ans avant J\u00e9sus-Christ !<\/p>\n\n\n\n<h3 class=\"wp-block-heading\"><strong>Les huiles v\u00e9g\u00e9tales<\/strong><\/h3>\n\n\n\n<div class=\"wp-block-media-text is-stacked-on-mobile\"><figure class=\"wp-block-media-text__media\"><img loading=\"lazy\" decoding=\"async\" width=\"824\" height=\"989\" src=\"https:\/\/marcapar.com\/wp-content\/uploads\/2024\/12\/huile-vegetale-schema.png\" alt=\"\" class=\"wp-image-1409 size-full\" srcset=\"https:\/\/marcapar.com\/wp-content\/uploads\/2024\/12\/huile-vegetale-schema.png 824w, https:\/\/marcapar.com\/wp-content\/uploads\/2024\/12\/huile-vegetale-schema-250x300.png 250w, https:\/\/marcapar.com\/wp-content\/uploads\/2024\/12\/huile-vegetale-schema-768x922.png 768w\" sizes=\"auto, (max-width: 824px) 100vw, 824px\" \/><\/figure><div class=\"wp-block-media-text__content\">\n<p>Les Huiles V\u00e9g\u00e9tales sont utilis\u00e9es en cosm\u00e9tique pour leurs propri\u00e9t\u00e9s nourrissantes, hydratantes, assouplissantes, r\u00e9g\u00e9n\u00e9rantes ou protectrices. Elles sont principalement obtenues \u00e0 partir de fruits ol\u00e9agineux (fruits secs) ou de graines. Il s\u2019agit de grosses mol\u00e9cules qui restent en surface de la peau pour lui apporter leurs bienfaits.<\/p>\n\n\n\n<p>Nos huiles sont toutes issues d\u2019une fabrication \u00e0 froid et proviennent de l\u2019agriculture biologique (except\u00e9e l\u2019huile de germes de bl\u00e9).<\/p>\n<\/div><\/div>\n\n\n\n<h3 class=\"wp-block-heading\">Les huiles essentielles<\/h3>\n\n\n\n<div class=\"wp-block-media-text is-stacked-on-mobile\"><figure class=\"wp-block-media-text__media\"><img loading=\"lazy\" decoding=\"async\" width=\"813\" height=\"976\" src=\"https:\/\/marcapar.com\/wp-content\/uploads\/2024\/12\/huile-essentielle-schema.png\" alt=\"\" class=\"wp-image-1413 size-full\" srcset=\"https:\/\/marcapar.com\/wp-content\/uploads\/2024\/12\/huile-essentielle-schema.png 813w, https:\/\/marcapar.com\/wp-content\/uploads\/2024\/12\/huile-essentielle-schema-250x300.png 250w, https:\/\/marcapar.com\/wp-content\/uploads\/2024\/12\/huile-essentielle-schema-768x922.png 768w\" sizes=\"auto, (max-width: 813px) 100vw, 813px\" \/><\/figure><div class=\"wp-block-media-text__content\">\n<p>Les huiles essentielles sont extraites des fleurs, des feuilles, des racines ou des \u00e9corces par distillation \u00e0 la vapeur d\u2019eau.<\/p>\n\n\n\n<p>Malgr\u00e9 ce que son nom indique, l\u2019huile essentielle n\u2019est pas une huile. Le mot \u201chuile\u201d lui vient du fait qu\u2019elle soit insoluble dans l\u2019eau. Il s\u2019agit en fait d\u2019un m\u00e9lange complexe de tr\u00e8s petites mol\u00e9cules aromatiques extraites de plantes. Ces mol\u00e9cules sont si petites qu\u2019elles sont capables de traverser l\u2019\u00e9piderme et le derme jusqu\u2019aux vaisseaux sanguins. Ainsi, les principes actifs pr\u00e9sents dans les plantes sont rapidement transmis \u00e0 l\u2019organisme ce qui permet d\u2019agir tr\u00e8s vite !<\/p>\n\n\n\n<p>Odorantes, elles apportent du parfum mais sont souvent riches en allerg\u00e8nes (Limon\u00e8ne, linalol, g\u00e9raniol). Pas de panique, si vous n\u2019\u00eates pas allergiques, il n\u2019y a pas de danger !<\/p>\n<\/div><\/div>\n","protected":false},"excerpt":{"rendered":"<p>Tous nos complexes aromatiques sont formul\u00e9s \u00e0 partir d\u2019une synergie d\u2019huiles v\u00e9g\u00e9tales et d\u2019huiles essentielles. Mais savez-vous vraiment ce que cela veux dire ? Suivez le guide, on vous dit tout.<\/p>\n","protected":false},"author":1,"featured_media":2288,"comment_status":"open","ping_status":"open","sticky":false,"template":"","format":"standard","meta":{"_acf_changed":false,"footnotes":""},"categories":[23],"tags":[],"class_list":["post-1404","post","type-post","status-publish","format-standard","has-post-thumbnail","hentry","category-ingredients"],"acf":[],"yoast_head":"<!-- This site is optimized with the Yoast SEO plugin v27.4 - https:\/\/yoast.com\/product\/yoast-seo-wordpress\/ -->\n<title>Synergie, huiles v\u00e9g\u00e9tales, huiles essentielles\u2026 - MARCAPAR<\/title>\n<meta name=\"description\" content=\"Tous nos complexes aromatiques sont formul\u00e9s \u00e0 partir d\u2019une synergie d\u2019huiles v\u00e9g\u00e9tales et d\u2019huiles essentielles. Mais savez-vous vraiment ce que cela veux dire ?\" \/>\n<meta name=\"robots\" content=\"index, follow, max-snippet:-1, max-image-preview:large, max-video-preview:-1\" \/>\n<link rel=\"canonical\" href=\"https:\/\/marcapar.com\/fr\/conseils-dexperts\/synergie-huiles-vegetales-huiles-essentielles-quesaco\/\" \/>\n<meta property=\"og:locale\" content=\"fr_FR\" \/>\n<meta property=\"og:type\" content=\"article\" \/>\n<meta property=\"og:title\" content=\"Synergie, huiles v\u00e9g\u00e9tales, huiles essentielles\u2026 - MARCAPAR\" \/>\n<meta property=\"og:description\" content=\"Tous nos complexes aromatiques sont formul\u00e9s \u00e0 partir d\u2019une synergie d\u2019huiles v\u00e9g\u00e9tales et d\u2019huiles essentielles. Mais savez-vous vraiment ce que cela veux dire ?\" \/>\n<meta property=\"og:url\" content=\"https:\/\/marcapar.com\/fr\/conseils-dexperts\/synergie-huiles-vegetales-huiles-essentielles-quesaco\/\" \/>\n<meta property=\"og:site_name\" content=\"MARCAPAR\" \/>\n<meta property=\"article:published_time\" content=\"2022-04-29T08:18:09+00:00\" \/>\n<meta property=\"article:modified_time\" content=\"2025-01-14T15:47:37+00:00\" \/>\n<meta property=\"og:image\" content=\"https:\/\/marcapar.com\/wp-content\/uploads\/2022\/04\/20240909-MARCAPAR-DAY-410475-RC2-150spi-scaled.jpg\" \/>\n\t<meta property=\"og:image:width\" content=\"1920\" \/>\n\t<meta property=\"og:image:height\" content=\"2560\" \/>\n\t<meta property=\"og:image:type\" content=\"image\/jpeg\" \/>\n<meta name=\"author\" content=\"LesBonsTech\" \/>\n<meta name=\"twitter:card\" content=\"summary_large_image\" \/>\n<meta name=\"twitter:label1\" content=\"\u00c9crit par\" \/>\n\t<meta name=\"twitter:data1\" content=\"LesBonsTech\" \/>\n\t<meta name=\"twitter:label2\" content=\"Dur\u00e9e de lecture estim\u00e9e\" \/>\n\t<meta name=\"twitter:data2\" content=\"3 minutes\" \/>\n<script type=\"application\/ld+json\" class=\"yoast-schema-graph\">{\"@context\":\"https:\\\/\\\/schema.org\",\"@graph\":[{\"@type\":\"Article\",\"@id\":\"https:\\\/\\\/marcapar.com\\\/fr\\\/conseils-dexperts\\\/synergie-huiles-vegetales-huiles-essentielles-quesaco\\\/#article\",\"isPartOf\":{\"@id\":\"https:\\\/\\\/marcapar.com\\\/fr\\\/conseils-dexperts\\\/synergie-huiles-vegetales-huiles-essentielles-quesaco\\\/\"},\"author\":{\"name\":\"LesBonsTech\",\"@id\":\"https:\\\/\\\/marcapar.com\\\/fr\\\/#\\\/schema\\\/person\\\/3518238c28d30076f240888f77a3af86\"},\"headline\":\"Synergie, huiles v\u00e9g\u00e9tales, huiles essentielles\u2026\",\"datePublished\":\"2022-04-29T08:18:09+00:00\",\"dateModified\":\"2025-01-14T15:47:37+00:00\",\"mainEntityOfPage\":{\"@id\":\"https:\\\/\\\/marcapar.com\\\/fr\\\/conseils-dexperts\\\/synergie-huiles-vegetales-huiles-essentielles-quesaco\\\/\"},\"wordCount\":358,\"commentCount\":0,\"publisher\":{\"@id\":\"https:\\\/\\\/marcapar.com\\\/fr\\\/#organization\"},\"image\":{\"@id\":\"https:\\\/\\\/marcapar.com\\\/fr\\\/conseils-dexperts\\\/synergie-huiles-vegetales-huiles-essentielles-quesaco\\\/#primaryimage\"},\"thumbnailUrl\":\"https:\\\/\\\/marcapar.com\\\/wp-content\\\/uploads\\\/2022\\\/04\\\/20240909-MARCAPAR-DAY-410475-RC2-150spi-scaled.jpg\",\"articleSection\":[\"Ingr\u00e9dients\"],\"inLanguage\":\"fr-FR\",\"potentialAction\":[{\"@type\":\"CommentAction\",\"name\":\"Comment\",\"target\":[\"https:\\\/\\\/marcapar.com\\\/fr\\\/conseils-dexperts\\\/synergie-huiles-vegetales-huiles-essentielles-quesaco\\\/#respond\"]}]},{\"@type\":\"WebPage\",\"@id\":\"https:\\\/\\\/marcapar.com\\\/fr\\\/conseils-dexperts\\\/synergie-huiles-vegetales-huiles-essentielles-quesaco\\\/\",\"url\":\"https:\\\/\\\/marcapar.com\\\/fr\\\/conseils-dexperts\\\/synergie-huiles-vegetales-huiles-essentielles-quesaco\\\/\",\"name\":\"Synergie, huiles v\u00e9g\u00e9tales, huiles essentielles\u2026 - MARCAPAR\",\"isPartOf\":{\"@id\":\"https:\\\/\\\/marcapar.com\\\/fr\\\/#website\"},\"primaryImageOfPage\":{\"@id\":\"https:\\\/\\\/marcapar.com\\\/fr\\\/conseils-dexperts\\\/synergie-huiles-vegetales-huiles-essentielles-quesaco\\\/#primaryimage\"},\"image\":{\"@id\":\"https:\\\/\\\/marcapar.com\\\/fr\\\/conseils-dexperts\\\/synergie-huiles-vegetales-huiles-essentielles-quesaco\\\/#primaryimage\"},\"thumbnailUrl\":\"https:\\\/\\\/marcapar.com\\\/wp-content\\\/uploads\\\/2022\\\/04\\\/20240909-MARCAPAR-DAY-410475-RC2-150spi-scaled.jpg\",\"datePublished\":\"2022-04-29T08:18:09+00:00\",\"dateModified\":\"2025-01-14T15:47:37+00:00\",\"description\":\"Tous nos complexes aromatiques sont formul\u00e9s \u00e0 partir d\u2019une synergie d\u2019huiles v\u00e9g\u00e9tales et d\u2019huiles essentielles. Mais savez-vous vraiment ce que cela veux dire ?\",\"breadcrumb\":{\"@id\":\"https:\\\/\\\/marcapar.com\\\/fr\\\/conseils-dexperts\\\/synergie-huiles-vegetales-huiles-essentielles-quesaco\\\/#breadcrumb\"},\"inLanguage\":\"fr-FR\",\"potentialAction\":[{\"@type\":\"ReadAction\",\"target\":[\"https:\\\/\\\/marcapar.com\\\/fr\\\/conseils-dexperts\\\/synergie-huiles-vegetales-huiles-essentielles-quesaco\\\/\"]}]},{\"@type\":\"ImageObject\",\"inLanguage\":\"fr-FR\",\"@id\":\"https:\\\/\\\/marcapar.com\\\/fr\\\/conseils-dexperts\\\/synergie-huiles-vegetales-huiles-essentielles-quesaco\\\/#primaryimage\",\"url\":\"https:\\\/\\\/marcapar.com\\\/wp-content\\\/uploads\\\/2022\\\/04\\\/20240909-MARCAPAR-DAY-410475-RC2-150spi-scaled.jpg\",\"contentUrl\":\"https:\\\/\\\/marcapar.com\\\/wp-content\\\/uploads\\\/2022\\\/04\\\/20240909-MARCAPAR-DAY-410475-RC2-150spi-scaled.jpg\",\"width\":1920,\"height\":2560},{\"@type\":\"BreadcrumbList\",\"@id\":\"https:\\\/\\\/marcapar.com\\\/fr\\\/conseils-dexperts\\\/synergie-huiles-vegetales-huiles-essentielles-quesaco\\\/#breadcrumb\",\"itemListElement\":[{\"@type\":\"ListItem\",\"position\":1,\"name\":\"Accueil\",\"item\":\"https:\\\/\\\/marcapar.com\\\/fr\\\/\"},{\"@type\":\"ListItem\",\"position\":2,\"name\":\"Ingr\u00e9dients\",\"item\":\"https:\\\/\\\/marcapar.com\\\/fr\\\/conseils-dexperts\\\/category\\\/ingredients\\\/\"},{\"@type\":\"ListItem\",\"position\":3,\"name\":\"Synergie, huiles v\u00e9g\u00e9tales, huiles essentielles\u2026\"}]},{\"@type\":\"WebSite\",\"@id\":\"https:\\\/\\\/marcapar.com\\\/fr\\\/#website\",\"url\":\"https:\\\/\\\/marcapar.com\\\/fr\\\/\",\"name\":\"MARCAPAR\",\"description\":\"La r\u00e9f\u00e9rence de la coloration v\u00e9g\u00e9tale\",\"publisher\":{\"@id\":\"https:\\\/\\\/marcapar.com\\\/fr\\\/#organization\"},\"potentialAction\":[{\"@type\":\"SearchAction\",\"target\":{\"@type\":\"EntryPoint\",\"urlTemplate\":\"https:\\\/\\\/marcapar.com\\\/fr\\\/?s={search_term_string}\"},\"query-input\":{\"@type\":\"PropertyValueSpecification\",\"valueRequired\":true,\"valueName\":\"search_term_string\"}}],\"inLanguage\":\"fr-FR\"},{\"@type\":\"Organization\",\"@id\":\"https:\\\/\\\/marcapar.com\\\/fr\\\/#organization\",\"name\":\"MARCAPAR\",\"url\":\"https:\\\/\\\/marcapar.com\\\/fr\\\/\",\"logo\":{\"@type\":\"ImageObject\",\"inLanguage\":\"fr-FR\",\"@id\":\"https:\\\/\\\/marcapar.com\\\/fr\\\/#\\\/schema\\\/logo\\\/image\\\/\",\"url\":\"https:\\\/\\\/marcapar.com\\\/wp-content\\\/uploads\\\/2024\\\/12\\\/logo.svg\",\"contentUrl\":\"https:\\\/\\\/marcapar.com\\\/wp-content\\\/uploads\\\/2024\\\/12\\\/logo.svg\",\"caption\":\"MARCAPAR\"},\"image\":{\"@id\":\"https:\\\/\\\/marcapar.com\\\/fr\\\/#\\\/schema\\\/logo\\\/image\\\/\"}},{\"@type\":\"Person\",\"@id\":\"https:\\\/\\\/marcapar.com\\\/fr\\\/#\\\/schema\\\/person\\\/3518238c28d30076f240888f77a3af86\",\"name\":\"LesBonsTech\",\"image\":{\"@type\":\"ImageObject\",\"inLanguage\":\"fr-FR\",\"@id\":\"https:\\\/\\\/secure.gravatar.com\\\/avatar\\\/61cf68de3c1e49057f8edd17c00046c142843d5af84415cd3dfa6ac53edf9750?s=96&d=mm&r=g\",\"url\":\"https:\\\/\\\/secure.gravatar.com\\\/avatar\\\/61cf68de3c1e49057f8edd17c00046c142843d5af84415cd3dfa6ac53edf9750?s=96&d=mm&r=g\",\"contentUrl\":\"https:\\\/\\\/secure.gravatar.com\\\/avatar\\\/61cf68de3c1e49057f8edd17c00046c142843d5af84415cd3dfa6ac53edf9750?s=96&d=mm&r=g\",\"caption\":\"LesBonsTech\"},\"sameAs\":[\"https:\\\/\\\/marcapar.com\"],\"url\":\"https:\\\/\\\/marcapar.com\\\/fr\\\/conseils-dexperts\\\/author\\\/lesbonstech\\\/\"}]}<\/script>\n<!-- \/ Yoast SEO plugin. -->","yoast_head_json":{"title":"Synergie, huiles v\u00e9g\u00e9tales, huiles essentielles\u2026 - MARCAPAR","description":"Tous nos complexes aromatiques sont formul\u00e9s \u00e0 partir d\u2019une synergie d\u2019huiles v\u00e9g\u00e9tales et d\u2019huiles essentielles. Mais savez-vous vraiment ce que cela veux dire ?","robots":{"index":"index","follow":"follow","max-snippet":"max-snippet:-1","max-image-preview":"max-image-preview:large","max-video-preview":"max-video-preview:-1"},"canonical":"https:\/\/marcapar.com\/fr\/conseils-dexperts\/synergie-huiles-vegetales-huiles-essentielles-quesaco\/","og_locale":"fr_FR","og_type":"article","og_title":"Synergie, huiles v\u00e9g\u00e9tales, huiles essentielles\u2026 - MARCAPAR","og_description":"Tous nos complexes aromatiques sont formul\u00e9s \u00e0 partir d\u2019une synergie d\u2019huiles v\u00e9g\u00e9tales et d\u2019huiles essentielles. Mais savez-vous vraiment ce que cela veux dire ?","og_url":"https:\/\/marcapar.com\/fr\/conseils-dexperts\/synergie-huiles-vegetales-huiles-essentielles-quesaco\/","og_site_name":"MARCAPAR","article_published_time":"2022-04-29T08:18:09+00:00","article_modified_time":"2025-01-14T15:47:37+00:00","og_image":[{"width":1920,"height":2560,"url":"https:\/\/marcapar.com\/wp-content\/uploads\/2022\/04\/20240909-MARCAPAR-DAY-410475-RC2-150spi-scaled.jpg","type":"image\/jpeg"}],"author":"LesBonsTech","twitter_card":"summary_large_image","twitter_misc":{"\u00c9crit par":"LesBonsTech","Dur\u00e9e de lecture estim\u00e9e":"3 minutes"},"schema":{"@context":"https:\/\/schema.org","@graph":[{"@type":"Article","@id":"https:\/\/marcapar.com\/fr\/conseils-dexperts\/synergie-huiles-vegetales-huiles-essentielles-quesaco\/#article","isPartOf":{"@id":"https:\/\/marcapar.com\/fr\/conseils-dexperts\/synergie-huiles-vegetales-huiles-essentielles-quesaco\/"},"author":{"name":"LesBonsTech","@id":"https:\/\/marcapar.com\/fr\/#\/schema\/person\/3518238c28d30076f240888f77a3af86"},"headline":"Synergie, huiles v\u00e9g\u00e9tales, huiles essentielles\u2026","datePublished":"2022-04-29T08:18:09+00:00","dateModified":"2025-01-14T15:47:37+00:00","mainEntityOfPage":{"@id":"https:\/\/marcapar.com\/fr\/conseils-dexperts\/synergie-huiles-vegetales-huiles-essentielles-quesaco\/"},"wordCount":358,"commentCount":0,"publisher":{"@id":"https:\/\/marcapar.com\/fr\/#organization"},"image":{"@id":"https:\/\/marcapar.com\/fr\/conseils-dexperts\/synergie-huiles-vegetales-huiles-essentielles-quesaco\/#primaryimage"},"thumbnailUrl":"https:\/\/marcapar.com\/wp-content\/uploads\/2022\/04\/20240909-MARCAPAR-DAY-410475-RC2-150spi-scaled.jpg","articleSection":["Ingr\u00e9dients"],"inLanguage":"fr-FR","potentialAction":[{"@type":"CommentAction","name":"Comment","target":["https:\/\/marcapar.com\/fr\/conseils-dexperts\/synergie-huiles-vegetales-huiles-essentielles-quesaco\/#respond"]}]},{"@type":"WebPage","@id":"https:\/\/marcapar.com\/fr\/conseils-dexperts\/synergie-huiles-vegetales-huiles-essentielles-quesaco\/","url":"https:\/\/marcapar.com\/fr\/conseils-dexperts\/synergie-huiles-vegetales-huiles-essentielles-quesaco\/","name":"Synergie, huiles v\u00e9g\u00e9tales, huiles essentielles\u2026 - MARCAPAR","isPartOf":{"@id":"https:\/\/marcapar.com\/fr\/#website"},"primaryImageOfPage":{"@id":"https:\/\/marcapar.com\/fr\/conseils-dexperts\/synergie-huiles-vegetales-huiles-essentielles-quesaco\/#primaryimage"},"image":{"@id":"https:\/\/marcapar.com\/fr\/conseils-dexperts\/synergie-huiles-vegetales-huiles-essentielles-quesaco\/#primaryimage"},"thumbnailUrl":"https:\/\/marcapar.com\/wp-content\/uploads\/2022\/04\/20240909-MARCAPAR-DAY-410475-RC2-150spi-scaled.jpg","datePublished":"2022-04-29T08:18:09+00:00","dateModified":"2025-01-14T15:47:37+00:00","description":"Tous nos complexes aromatiques sont formul\u00e9s \u00e0 partir d\u2019une synergie d\u2019huiles v\u00e9g\u00e9tales et d\u2019huiles essentielles. Mais savez-vous vraiment ce que cela veux dire ?","breadcrumb":{"@id":"https:\/\/marcapar.com\/fr\/conseils-dexperts\/synergie-huiles-vegetales-huiles-essentielles-quesaco\/#breadcrumb"},"inLanguage":"fr-FR","potentialAction":[{"@type":"ReadAction","target":["https:\/\/marcapar.com\/fr\/conseils-dexperts\/synergie-huiles-vegetales-huiles-essentielles-quesaco\/"]}]},{"@type":"ImageObject","inLanguage":"fr-FR","@id":"https:\/\/marcapar.com\/fr\/conseils-dexperts\/synergie-huiles-vegetales-huiles-essentielles-quesaco\/#primaryimage","url":"https:\/\/marcapar.com\/wp-content\/uploads\/2022\/04\/20240909-MARCAPAR-DAY-410475-RC2-150spi-scaled.jpg","contentUrl":"https:\/\/marcapar.com\/wp-content\/uploads\/2022\/04\/20240909-MARCAPAR-DAY-410475-RC2-150spi-scaled.jpg","width":1920,"height":2560},{"@type":"BreadcrumbList","@id":"https:\/\/marcapar.com\/fr\/conseils-dexperts\/synergie-huiles-vegetales-huiles-essentielles-quesaco\/#breadcrumb","itemListElement":[{"@type":"ListItem","position":1,"name":"Accueil","item":"https:\/\/marcapar.com\/fr\/"},{"@type":"ListItem","position":2,"name":"Ingr\u00e9dients","item":"https:\/\/marcapar.com\/fr\/conseils-dexperts\/category\/ingredients\/"},{"@type":"ListItem","position":3,"name":"Synergie, huiles v\u00e9g\u00e9tales, huiles essentielles\u2026"}]},{"@type":"WebSite","@id":"https:\/\/marcapar.com\/fr\/#website","url":"https:\/\/marcapar.com\/fr\/","name":"MARCAPAR","description":"La r\u00e9f\u00e9rence de la coloration v\u00e9g\u00e9tale","publisher":{"@id":"https:\/\/marcapar.com\/fr\/#organization"},"potentialAction":[{"@type":"SearchAction","target":{"@type":"EntryPoint","urlTemplate":"https:\/\/marcapar.com\/fr\/?s={search_term_string}"},"query-input":{"@type":"PropertyValueSpecification","valueRequired":true,"valueName":"search_term_string"}}],"inLanguage":"fr-FR"},{"@type":"Organization","@id":"https:\/\/marcapar.com\/fr\/#organization","name":"MARCAPAR","url":"https:\/\/marcapar.com\/fr\/","logo":{"@type":"ImageObject","inLanguage":"fr-FR","@id":"https:\/\/marcapar.com\/fr\/#\/schema\/logo\/image\/","url":"https:\/\/marcapar.com\/wp-content\/uploads\/2024\/12\/logo.svg","contentUrl":"https:\/\/marcapar.com\/wp-content\/uploads\/2024\/12\/logo.svg","caption":"MARCAPAR"},"image":{"@id":"https:\/\/marcapar.com\/fr\/#\/schema\/logo\/image\/"}},{"@type":"Person","@id":"https:\/\/marcapar.com\/fr\/#\/schema\/person\/3518238c28d30076f240888f77a3af86","name":"LesBonsTech","image":{"@type":"ImageObject","inLanguage":"fr-FR","@id":"https:\/\/secure.gravatar.com\/avatar\/61cf68de3c1e49057f8edd17c00046c142843d5af84415cd3dfa6ac53edf9750?s=96&d=mm&r=g","url":"https:\/\/secure.gravatar.com\/avatar\/61cf68de3c1e49057f8edd17c00046c142843d5af84415cd3dfa6ac53edf9750?s=96&d=mm&r=g","contentUrl":"https:\/\/secure.gravatar.com\/avatar\/61cf68de3c1e49057f8edd17c00046c142843d5af84415cd3dfa6ac53edf9750?s=96&d=mm&r=g","caption":"LesBonsTech"},"sameAs":["https:\/\/marcapar.com"],"url":"https:\/\/marcapar.com\/fr\/conseils-dexperts\/author\/lesbonstech\/"}]}},"_links":{"self":[{"href":"https:\/\/marcapar.com\/fr\/wp-json\/wp\/v2\/posts\/1404","targetHints":{"allow":["GET"]}}],"collection":[{"href":"https:\/\/marcapar.com\/fr\/wp-json\/wp\/v2\/posts"}],"about":[{"href":"https:\/\/marcapar.com\/fr\/wp-json\/wp\/v2\/types\/post"}],"author":[{"embeddable":true,"href":"https:\/\/marcapar.com\/fr\/wp-json\/wp\/v2\/users\/1"}],"replies":[{"embeddable":true,"href":"https:\/\/marcapar.com\/fr\/wp-json\/wp\/v2\/comments?post=1404"}],"version-history":[{"count":3,"href":"https:\/\/marcapar.com\/fr\/wp-json\/wp\/v2\/posts\/1404\/revisions"}],"predecessor-version":[{"id":2053,"href":"https:\/\/marcapar.com\/fr\/wp-json\/wp\/v2\/posts\/1404\/revisions\/2053"}],"wp:featuredmedia":[{"embeddable":true,"href":"https:\/\/marcapar.com\/fr\/wp-json\/wp\/v2\/media\/2288"}],"wp:attachment":[{"href":"https:\/\/marcapar.com\/fr\/wp-json\/wp\/v2\/media?parent=1404"}],"wp:term":[{"taxonomy":"category","embeddable":true,"href":"https:\/\/marcapar.com\/fr\/wp-json\/wp\/v2\/categories?post=1404"},{"taxonomy":"post_tag","embeddable":true,"href":"https:\/\/marcapar.com\/fr\/wp-json\/wp\/v2\/tags?post=1404"}],"curies":[{"name":"wp","href":"https:\/\/api.w.org\/{rel}","templated":true}]}}